{"id":1287,"date":"2025-03-13T18:24:07","date_gmt":"2025-03-13T17:24:07","guid":{"rendered":"https:\/\/elbohiorevista.com\/?p=1287"},"modified":"2025-03-13T18:24:10","modified_gmt":"2025-03-13T17:24:10","slug":"ii-simposio-de-gestion-ambiental-para-el-desarrollo-sostenible-tercer-anuncio","status":"publish","type":"post","link":"https:\/\/elbohiorevista.com\/index.php\/2025\/03\/13\/ii-simposio-de-gestion-ambiental-para-el-desarrollo-sostenible-tercer-anuncio\/","title":{"rendered":"II Simposio de Gesti\u00f3n Ambiental para el Desarrollo Sostenible TERCER ANUNCIO"},"content":{"rendered":"<div class=\"pvc_clear\"><\/div><p id=\"pvc_stats_1287\" class=\"pvc_stats all  \" data-element-id=\"1287\" style=\"\"><i class=\"pvc-stats-icon large\" aria-hidden=\"true\"><svg xmlns=\"http:\/\/www.w3.org\/2000\/svg\" version=\"1.0\" viewBox=\"0 0 502 315\" preserveAspectRatio=\"xMidYMid meet\"><g transform=\"translate(0,332) scale(0.1,-0.1)\" fill=\"\" stroke=\"none\"><path d=\"M2394 3279 l-29 -30 -3 -207 c-2 -182 0 -211 15 -242 39 -76 157 -76 196 0 15 31 17 60 15 243 l-3 209 -33 29 c-26 23 -41 29 -80 29 -41 0 -53 -5 -78 -31z\"\/><path d=\"M3085 3251 c-45 -19 -58 -50 -96 -229 -47 -217 -49 -260 -13 -295 52 -53 146 -42 177 20 16 31 87 366 87 410 0 70 -86 122 -155 94z\"\/><path d=\"M1751 3234 c-13 -9 -29 -31 -37 -50 -12 -29 -10 -49 21 -204 19 -94 39 -189 45 -210 14 -50 54 -80 110 -80 34 0 48 6 76 34 21 21 34 44 34 59 0 14 -18 113 -40 219 -37 178 -43 195 -70 221 -36 32 -101 37 -139 11z\"\/><path d=\"M1163 3073 c-36 -7 -73 -59 -73 -102 0 -56 133 -378 171 -413 34 -32 83 -37 129 -13 70 36 67 87 -16 290 -86 209 -89 214 -129 231 -35 14 -42 15 -82 7z\"\/><path d=\"M3689 3066 c-15 -9 -33 -30 -42 -48 -48 -103 -147 -355 -147 -375 0 -98 131 -148 192 -74 13 15 57 108 97 206 80 196 84 226 37 273 -30 30 -99 39 -137 18z\"\/><path d=\"M583 2784 c-38 -19 -67 -74 -58 -113 9 -42 211 -354 242 -373 16 -10 45 -18 66 -18 51 0 107 52 107 100 0 39 -1 41 -124 234 -80 126 -108 162 -133 173 -41 17 -61 16 -100 -3z\"\/><path d=\"M4250 2784 c-14 -9 -74 -91 -133 -183 -95 -150 -107 -173 -107 -213 0 -55 33 -94 87 -104 67 -13 90 8 211 198 130 202 137 225 78 284 -27 27 -42 34 -72 34 -22 0 -50 -8 -64 -16z\"\/><path d=\"M2275 2693 c-553 -48 -1095 -270 -1585 -649 -135 -104 -459 -423 -483 -476 -23 -49 -22 -139 2 -186 73 -142 361 -457 571 -626 285 -228 642 -407 990 -497 242 -63 336 -73 660 -74 310 0 370 5 595 52 535 111 1045 392 1455 803 122 121 250 273 275 326 19 41 19 137 0 174 -41 79 -309 363 -465 492 -447 370 -946 591 -1479 653 -113 14 -422 18 -536 8z m395 -428 c171 -34 330 -124 456 -258 112 -119 167 -219 211 -378 27 -96 24 -300 -5 -401 -72 -255 -236 -447 -474 -557 -132 -62 -201 -76 -368 -76 -167 0 -236 14 -368 76 -213 98 -373 271 -451 485 -162 444 86 934 547 1084 153 49 292 57 452 25z m909 -232 c222 -123 408 -262 593 -441 76 -74 138 -139 138 -144 0 -16 -233 -242 -330 -319 -155 -123 -309 -223 -461 -299 l-81 -41 32 46 c18 26 49 83 70 128 143 306 141 649 -6 957 -25 52 -61 116 -79 142 l-34 47 45 -20 c26 -10 76 -36 113 -56z m-2057 25 c-40 -58 -105 -190 -130 -263 -110 -324 -59 -707 132 -981 25 -35 42 -64 37 -64 -19 0 -241 119 -326 174 -188 122 -406 314 -532 468 l-58 71 108 103 c185 178 428 349 672 473 66 33 121 60 123 61 2 0 -10 -19 -26 -42z\"\/><path d=\"M2375 1950 c-198 -44 -350 -190 -395 -379 -18 -76 -8 -221 19 -290 114 -284 457 -406 731 -260 98 52 188 154 231 260 27 69 37 214 19 290 -38 163 -166 304 -326 360 -67 23 -215 33 -279 19z\"\/><\/g><\/svg><\/i> <img loading=\"lazy\" decoding=\"async\" width=\"16\" height=\"16\" alt=\"Loading\" src=\"https:\/\/elbohiorevista.com\/wp-content\/plugins\/page-views-count\/ajax-loader-2x.gif\" border=0 \/><\/p><div class=\"pvc_clear\"><\/div>\n<p>Publicado el&nbsp;<a href=\"https:\/\/boletinelbohio.com\/ii-simposio-de-gestion-ambiental-para-el-desarrollo-sostenible-tercer-anuncio\/\"><time datetime=\"2025-02-07T16:48:22-06:00\">febrero 7, 2025<\/time><\/a>&nbsp;por&nbsp;<a href=\"https:\/\/boletinelbohio.com\/author\/gustavo\/\">Gustavo Arencibia Carballo<\/a>&nbsp;|&nbsp;<a href=\"https:\/\/boletinelbohio.com\/ii-simposio-de-gestion-ambiental-para-el-desarrollo-sostenible-tercer-anuncio\/#comments\">2 comentarios<\/a><\/p>\n\n\n\n<p>En el contexto de la&nbsp;Convenci\u00f3n Cient\u00edfica Internacional Universidad de La Habana 2025, que se realizar\u00e1 entre el 26\u201330 de mayo de 2025.&nbsp;El Instituto Superior de Tecnolog\u00edas y Ciencias Aplicadas (InSTEC) de la Universidad de La Habana, Cuba, convoca a todos los interesados a participar en el&nbsp;II Simposio de Gesti\u00f3n Ambiental para el Desarrollo Sostenible.<\/p>\n\n\n\n<h3 class=\"wp-block-heading has-medium-font-size\"><strong>Sede:&nbsp;<\/strong><strong>Instituto Superior de Tecnolog\u00edas y Ciencias Aplicadas (InSTEC)<\/strong><br>Fecha:&nbsp;26\u201330 de mayo de 2025<br>&nbsp;simpogestion.ambiente@instec.cu&nbsp;,&nbsp;simpogestion.ambiente@instec.uh.cu,<br>simpogestion.ambiente.instec@gmail.com.<br>P\u00e1gina web:&nbsp;https:\/\/eventos.uh.cu\/event\/125\/<\/h3>\n\n\n\n<h3 class=\"wp-block-heading has-medium-font-size\">TEM\u00c1TICAS DEL SIMPOSIO<\/h3>\n\n\n\n<h3 class=\"wp-block-heading has-medium-font-size\"><strong>\u2022\u00a0Dise\u00f1o e implementaci\u00f3n de sistemas de gesti\u00f3n ambiental.<br>\u2022\u00a0Monitoreo de par\u00e1metros de calidad ambiental y de contaminantes en sistemas naturales y antr\u00f3picos.<br>\u2022\u00a0Evaluaci\u00f3n de riesgo y vulnerabilidad ambiental, tecnol\u00f3gica o sanitaria.<br>Tratamiento y aprovechamiento de residuales, potabilizaci\u00f3n de agua y<br>remediaci\u00f3n ambiental.<br>\u2022\u00a0Modelos y herramientas inform\u00e1ticas para la gesti\u00f3n ambiental.<br>\u2022\u00a0Gesti\u00f3n ambiental de recursos naturales y biodiversidad.<br>\u2022\u00a0Gesti\u00f3n ambiental y fuentes renovables de energ\u00eda.<br>\u2022\u00a0Evaluaci\u00f3n econ\u00f3mica ambiental.<\/strong><\/h3>\n\n\n\n<h3 class=\"wp-block-heading has-medium-font-size\"><strong>NORMAS DE PRESENTACI\u00d3N Y PUBLICACI\u00d3N DE LOS TRABAJOS.<\/strong><\/h3>\n\n\n\n<p><br><strong>\u2022\u00a0Los idiomas oficiales de la Convenci\u00f3n son espa\u00f1ol e ingl\u00e9s.<br>\u2022\u00a0Los res\u00famenes se subir\u00e1n al sitio web del evento durante la inscripci\u00f3n, en formato word, en p\u00e1rrafo \u00fanico con no m\u00e1s de 250 palabras, excluyendo t\u00edtulo y afiliaci\u00f3n.<br>\u2022\u00a0T\u00edtulo: en letras negritas.<br>\u2022\u00a0Autores: nombre y apellido, subrayar el autor que presenta el trabajo.<br>\u2022\u00a0Referir correo electr\u00f3nico del presentador y la afiliaci\u00f3n de todos los autores con n\u00famero en super\u00edndice despu\u00e9s del nombre y poner cada instituci\u00f3n de procedencia debajo.<br>\u2022\u00a0Estructura del resumen: antecedentes, objetivos, resultados y conclusiones.<\/strong><\/p>\n\n\n\n<h3 class=\"wp-block-heading has-medium-font-size\"><strong>FECHAS IMPORTANTES.<\/strong><\/h3>\n\n\n\n<h3 class=\"wp-block-heading has-medium-font-size\"><strong>L\u00edmite para env\u00edo de resumen e inscripci\u00f3n: 10\/mar\/2025<br>Notificaci\u00f3n de aceptaci\u00f3n de trabajos: 12\/abr\/2025<br>Registro temprano: 25\/abr\/2025<br>L\u00edmite para pago de la cuota de inscripci\u00f3n: 10\/may\/2025<br>Acreditaci\u00f3n: 26\/may\/2025<br>Ceremonia de apertura: 26\/may\/2025<br>Ceremonia de clausura: 30\/may\/2025<\/strong><\/h3>\n\n\n\n<p><br>CUOTAS DE INSCRIPCI\u00d3N.<\/p>\n\n\n\n<p><\/p>\n\n\n\n<h3 class=\"wp-block-heading\"><\/h3>\n\n\n\n<figure class=\"wp-block-table\"><table class=\"has-fixed-layout\"><tbody><tr><td><strong>Participantes<\/strong><\/td><td><strong>Categor\u00eda<\/strong><\/td><td><strong>Antes del 25\/abr<\/strong><\/td><td><strong>Entre 25\/abr y 10\/may<\/strong><\/td><\/tr><tr><td><strong>Delegados<br>cubanos<\/strong><\/td><td><strong>Delegado<\/strong><\/td><td><strong>3500 CUP<\/strong><\/td><td><strong>4000 CUP<\/strong><\/td><\/tr><tr><td><strong>Estudiante de pregrado<\/strong><\/td><td><strong>1200 CUP<\/strong><\/td><td><strong>1500 CUP<\/strong><\/td><\/tr><tr><td><strong>Delegado<br>extranjero<\/strong><\/td><td><strong>Delegado<\/strong><\/td><td><strong>180 USD<\/strong><\/td><td><strong>200 USD<\/strong><\/td><\/tr><tr><td><strong>Estudiante de pregrado<\/strong><\/td><td><strong>90 USD<\/strong><\/td><td><strong>100 USD<\/strong><\/td><\/tr><tr><td><strong>Acompa\u00f1ante<\/strong><\/td><td><strong>72 USD<\/strong><\/td><td><strong>80 USD<\/strong><\/td><\/tr><\/tbody><\/table><\/figure>\n\n\n\n<p><\/p>\n\n\n\n<h4 class=\"wp-block-heading\"><strong>COMIT\u00c9 ORGANIZADOR.<\/strong><\/h4>\n\n\n\n<p><br><strong>PRESIDENTE:\u00a0<\/strong>\u2022\u00a0Dr. C. Abel Fundora Cruz, decano@instec.cu, Decano InSTEC, UH.<br><strong>VICEPRESIDENTE:\u00a0\u00a0<\/strong>\u2022\u00a0Dr. C. Maykel M\u00e1rquez Mijares, vdipc@instec.cu, Vicedecano de<br>Investigaci\u00f3n, Posgrado y Colaboraci\u00f3n InSTEC, UH.<br><strong>COORDINADOR PRINCIPAL DEL COMIT\u00c9 ORGANIZADOR<\/strong><br>\u2022\u00a0MSc. Mirurgia Aguilar Vel\u00e1zquez, mirurgia.aguilar@instec.cu, Coordinadora<br>de la Red de Medio Ambiente, UH.<br><strong>PRESIDENTE DEL COMIT\u00c9 CIENT\u00cdFICO<\/strong><br>\u2022\u00a0Dr. C. Daniel A. Garc\u00eda Cort\u00e9s, cortes@instec.cu, Jefe del Departamento de<br>Medio Ambiente, InSTEC, UH.<\/p>\n\n\n\n<p><br><strong>MIEMBROS DEL COMIT\u00c9 CIENT\u00cdFICO<\/strong><\/p>\n\n\n\n<p><br><strong>\u2022\u00a0Dra.C. Neilys Glez Ben\u00edtez, neilys.gonzalez@instec.cu, Jefa del<br>Departamento de Meteorolog\u00eda. InSTEC, UH.<br>\u2022\u00a0Dr. C. Pedro P\u00e9rez \u00c1lvarez, ppalvarez@instec.cu<br>\u2022\u00a0Dr. C. Carlos G\u00f3mez Guti\u00e9rrez, cgomez@instec.cu<br>\u2022\u00a0DrC. Oscar D\u00edaz Rizo, odrizo@instec.cu<br>\u2022\u00a0DrC. Antonio Torres del Valle, atorres@instec.cu<br>\u2022\u00a0Dra. C. B\u00e1rbara Garea Moreda, bgarea@instec.cu, Presidente C\u00e1tedra<br>Unesco de Medio Ambiente y Desarrollo Sostenible, InSTEC, UH.<br>\u2022\u00a0Dra. C. Julia Azanza Ricardo, julia@cim.uh.cu, Directora del Centro de<br>Investigaciones Marinas (CIM), UH.<br>\u2022\u00a0Dra. C. Silvia Miriam Pell del R\u00edo silvia.pell@rect.uh.cu, Presidenta de la<br>Secci\u00f3n de Medio Ambiente de la Sociedad Econ\u00f3mica Amigos del Pa\u00eds.<br>\u2022\u00a0Lic. Ana Elena Hern\u00e1ndez S\u00e1nchez, ana.hernandez@instec.cu<br>AUSPICIA ESTE EVENTO:\u00a0SOCIEDAD ECON\u00d3MICA AMIGOS DEL PA\u00cdS.\u00a0<\/strong><\/p>\n\n\n\n<h4 class=\"wp-block-heading\"><em><strong>Descargar pdf:&nbsp;<\/strong><\/em><\/h4>\n\n\n\n<h3 class=\"wp-block-heading\"><a href=\"http:\/\/boletinelbohio.com\/wp-content\/uploads\/2025\/02\/ES-3er-anuncio-_-II-Simposio-gestion-ambiental-2025_v1.pdf\">[ES] 3er anuncio _ II Simposio gesti\u00f3n ambiental 2025_v1<\/a><\/h3>\n","protected":false},"excerpt":{"rendered":"<div class=\"pvc_clear\"><\/div>\n<p id=\"pvc_stats_1287\" class=\"pvc_stats all  \" data-element-id=\"1287\" style=\"\"><i class=\"pvc-stats-icon large\" aria-hidden=\"true\"><svg xmlns=\"http:\/\/www.w3.org\/2000\/svg\" version=\"1.0\" viewBox=\"0 0 502 315\" preserveAspectRatio=\"xMidYMid meet\"><g transform=\"translate(0,332) scale(0.1,-0.1)\" fill=\"\" stroke=\"none\"><path d=\"M2394 3279 l-29 -30 -3 -207 c-2 -182 0 -211 15 -242 39 -76 157 -76 196 0 15 31 17 60 15 243 l-3 209 -33 29 c-26 23 -41 29 -80 29 -41 0 -53 -5 -78 -31z\"\/><path d=\"M3085 3251 c-45 -19 -58 -50 -96 -229 -47 -217 -49 -260 -13 -295 52 -53 146 -42 177 20 16 31 87 366 87 410 0 70 -86 122 -155 94z\"\/><path d=\"M1751 3234 c-13 -9 -29 -31 -37 -50 -12 -29 -10 -49 21 -204 19 -94 39 -189 45 -210 14 -50 54 -80 110 -80 34 0 48 6 76 34 21 21 34 44 34 59 0 14 -18 113 -40 219 -37 178 -43 195 -70 221 -36 32 -101 37 -139 11z\"\/><path d=\"M1163 3073 c-36 -7 -73 -59 -73 -102 0 -56 133 -378 171 -413 34 -32 83 -37 129 -13 70 36 67 87 -16 290 -86 209 -89 214 -129 231 -35 14 -42 15 -82 7z\"\/><path d=\"M3689 3066 c-15 -9 -33 -30 -42 -48 -48 -103 -147 -355 -147 -375 0 -98 131 -148 192 -74 13 15 57 108 97 206 80 196 84 226 37 273 -30 30 -99 39 -137 18z\"\/><path d=\"M583 2784 c-38 -19 -67 -74 -58 -113 9 -42 211 -354 242 -373 16 -10 45 -18 66 -18 51 0 107 52 107 100 0 39 -1 41 -124 234 -80 126 -108 162 -133 173 -41 17 -61 16 -100 -3z\"\/><path d=\"M4250 2784 c-14 -9 -74 -91 -133 -183 -95 -150 -107 -173 -107 -213 0 -55 33 -94 87 -104 67 -13 90 8 211 198 130 202 137 225 78 284 -27 27 -42 34 -72 34 -22 0 -50 -8 -64 -16z\"\/><path d=\"M2275 2693 c-553 -48 -1095 -270 -1585 -649 -135 -104 -459 -423 -483 -476 -23 -49 -22 -139 2 -186 73 -142 361 -457 571 -626 285 -228 642 -407 990 -497 242 -63 336 -73 660 -74 310 0 370 5 595 52 535 111 1045 392 1455 803 122 121 250 273 275 326 19 41 19 137 0 174 -41 79 -309 363 -465 492 -447 370 -946 591 -1479 653 -113 14 -422 18 -536 8z m395 -428 c171 -34 330 -124 456 -258 112 -119 167 -219 211 -378 27 -96 24 -300 -5 -401 -72 -255 -236 -447 -474 -557 -132 -62 -201 -76 -368 -76 -167 0 -236 14 -368 76 -213 98 -373 271 -451 485 -162 444 86 934 547 1084 153 49 292 57 452 25z m909 -232 c222 -123 408 -262 593 -441 76 -74 138 -139 138 -144 0 -16 -233 -242 -330 -319 -155 -123 -309 -223 -461 -299 l-81 -41 32 46 c18 26 49 83 70 128 143 306 141 649 -6 957 -25 52 -61 116 -79 142 l-34 47 45 -20 c26 -10 76 -36 113 -56z m-2057 25 c-40 -58 -105 -190 -130 -263 -110 -324 -59 -707 132 -981 25 -35 42 -64 37 -64 -19 0 -241 119 -326 174 -188 122 -406 314 -532 468 l-58 71 108 103 c185 178 428 349 672 473 66 33 121 60 123 61 2 0 -10 -19 -26 -42z\"\/><path d=\"M2375 1950 c-198 -44 -350 -190 -395 -379 -18 -76 -8 -221 19 -290 114 -284 457 -406 731 -260 98 52 188 154 231 260 27 69 37 214 19 290 -38 163 -166 304 -326 360 -67 23 -215 33 -279 19z\"\/><\/g><\/svg><\/i> <img loading=\"lazy\" decoding=\"async\" width=\"16\" height=\"16\" alt=\"Loading\" src=\"https:\/\/elbohiorevista.com\/wp-content\/plugins\/page-views-count\/ajax-loader-2x.gif\" border=0 \/><\/p>\n<div class=\"pvc_clear\"><\/div>\n<p>Publicado el&nbsp;febrero 7, 2025&nbsp;por&nbsp;Gustavo Arencibia Carballo&nbsp;|&nbsp;2 comentarios En el contexto de la&nbsp;Convenci\u00f3n Cient\u00edfica Internacional Universidad de La Habana 2025, que se realizar\u00e1 entre el 26\u201330 de mayo de 2025.&nbsp;El Instituto Superior de Tecnolog\u00edas y Ciencias Aplicadas (InSTEC) de la Universidad de La Habana, Cuba, convoca a todos los interesados a participar en el&nbsp;II Simposio de&#8230;<\/p>\n","protected":false},"author":2,"featured_media":1288,"comment_status":"open","ping_status":"open","sticky":false,"template":"","format":"standard","meta":{"footnotes":""},"categories":[11,10,16],"tags":[22],"class_list":["post-1287","post","type-post","status-publish","format-standard","has-post-thumbnail","hentry","category-educacion-ambiental","category-eventos","category-medio-ambiente","tag-seguridad-ambiental"],"yoast_head":"<!-- This site is optimized with the Yoast SEO plugin v24.4 - https:\/\/yoast.com\/wordpress\/plugins\/seo\/ -->\n<title>II Simposio de Gesti\u00f3n Ambiental para el Desarrollo Sostenible TERCER ANUNCIO - Revista Electr\u00f3nica<\/title>\n<meta name=\"robots\" content=\"index, follow, max-snippet:-1, max-image-preview:large, max-video-preview:-1\" \/>\n<link rel=\"canonical\" href=\"https:\/\/elbohiorevista.com\/index.php\/2025\/03\/13\/ii-simposio-de-gestion-ambiental-para-el-desarrollo-sostenible-tercer-anuncio\/\" \/>\n<meta property=\"og:locale\" content=\"es_ES\" \/>\n<meta property=\"og:type\" content=\"article\" \/>\n<meta property=\"og:title\" content=\"II Simposio de Gesti\u00f3n Ambiental para el Desarrollo Sostenible TERCER ANUNCIO - Revista Electr\u00f3nica\" \/>\n<meta property=\"og:description\" content=\"Publicado el&nbsp;febrero 7, 2025&nbsp;por&nbsp;Gustavo Arencibia Carballo&nbsp;|&nbsp;2 comentarios En el contexto de la&nbsp;Convenci\u00f3n Cient\u00edfica Internacional Universidad de La Habana 2025, que se realizar\u00e1 entre el 26\u201330 de mayo de 2025.&nbsp;El Instituto Superior de Tecnolog\u00edas y Ciencias Aplicadas (InSTEC) de la Universidad de La Habana, Cuba, convoca a todos los interesados a participar en el&nbsp;II Simposio de...\" \/>\n<meta property=\"og:url\" content=\"https:\/\/elbohiorevista.com\/index.php\/2025\/03\/13\/ii-simposio-de-gestion-ambiental-para-el-desarrollo-sostenible-tercer-anuncio\/\" \/>\n<meta property=\"og:site_name\" content=\"Revista Electr\u00f3nica\" \/>\n<meta property=\"article:published_time\" content=\"2025-03-13T17:24:07+00:00\" \/>\n<meta property=\"article:modified_time\" content=\"2025-03-13T17:24:10+00:00\" \/>\n<meta property=\"og:image\" content=\"https:\/\/elbohiorevista.com\/wp-content\/uploads\/2025\/03\/sismposio0.png\" \/>\n\t<meta property=\"og:image:width\" content=\"720\" \/>\n\t<meta property=\"og:image:height\" content=\"380\" \/>\n\t<meta property=\"og:image:type\" content=\"image\/png\" \/>\n<meta name=\"author\" content=\"yamila\" \/>\n<meta name=\"twitter:card\" content=\"summary_large_image\" \/>\n<meta name=\"twitter:label1\" content=\"Escrito por\" \/>\n\t<meta name=\"twitter:data1\" content=\"yamila\" \/>\n\t<meta name=\"twitter:label2\" content=\"Tiempo de lectura\" \/>\n\t<meta name=\"twitter:data2\" content=\"3 minutos\" \/>\n<script type=\"application\/ld+json\" class=\"yoast-schema-graph\">{\"@context\":\"https:\/\/schema.org\",\"@graph\":[{\"@type\":\"Article\",\"@id\":\"https:\/\/elbohiorevista.com\/index.php\/2025\/03\/13\/ii-simposio-de-gestion-ambiental-para-el-desarrollo-sostenible-tercer-anuncio\/#article\",\"isPartOf\":{\"@id\":\"https:\/\/elbohiorevista.com\/index.php\/2025\/03\/13\/ii-simposio-de-gestion-ambiental-para-el-desarrollo-sostenible-tercer-anuncio\/\"},\"author\":{\"name\":\"yamila\",\"@id\":\"https:\/\/elbohiorevista.com\/#\/schema\/person\/cabf07cffb46b9de6ac304b4596458b5\"},\"headline\":\"II Simposio de Gesti\u00f3n Ambiental para el Desarrollo Sostenible TERCER ANUNCIO\",\"datePublished\":\"2025-03-13T17:24:07+00:00\",\"dateModified\":\"2025-03-13T17:24:10+00:00\",\"mainEntityOfPage\":{\"@id\":\"https:\/\/elbohiorevista.com\/index.php\/2025\/03\/13\/ii-simposio-de-gestion-ambiental-para-el-desarrollo-sostenible-tercer-anuncio\/\"},\"wordCount\":640,\"commentCount\":0,\"publisher\":{\"@id\":\"https:\/\/elbohiorevista.com\/#organization\"},\"image\":{\"@id\":\"https:\/\/elbohiorevista.com\/index.php\/2025\/03\/13\/ii-simposio-de-gestion-ambiental-para-el-desarrollo-sostenible-tercer-anuncio\/#primaryimage\"},\"thumbnailUrl\":\"https:\/\/elbohiorevista.com\/wp-content\/uploads\/2025\/03\/sismposio0.png\",\"keywords\":[\"Seguridad Ambiental\"],\"articleSection\":[\"Educaci\u00f3n Ambiental\",\"Eventos\",\"Medio Ambiente\"],\"inLanguage\":\"es\",\"potentialAction\":[{\"@type\":\"CommentAction\",\"name\":\"Comment\",\"target\":[\"https:\/\/elbohiorevista.com\/index.php\/2025\/03\/13\/ii-simposio-de-gestion-ambiental-para-el-desarrollo-sostenible-tercer-anuncio\/#respond\"]}]},{\"@type\":\"WebPage\",\"@id\":\"https:\/\/elbohiorevista.com\/index.php\/2025\/03\/13\/ii-simposio-de-gestion-ambiental-para-el-desarrollo-sostenible-tercer-anuncio\/\",\"url\":\"https:\/\/elbohiorevista.com\/index.php\/2025\/03\/13\/ii-simposio-de-gestion-ambiental-para-el-desarrollo-sostenible-tercer-anuncio\/\",\"name\":\"II Simposio de Gesti\u00f3n Ambiental para el Desarrollo Sostenible TERCER ANUNCIO - Revista Electr\u00f3nica\",\"isPartOf\":{\"@id\":\"https:\/\/elbohiorevista.com\/#website\"},\"primaryImageOfPage\":{\"@id\":\"https:\/\/elbohiorevista.com\/index.php\/2025\/03\/13\/ii-simposio-de-gestion-ambiental-para-el-desarrollo-sostenible-tercer-anuncio\/#primaryimage\"},\"image\":{\"@id\":\"https:\/\/elbohiorevista.com\/index.php\/2025\/03\/13\/ii-simposio-de-gestion-ambiental-para-el-desarrollo-sostenible-tercer-anuncio\/#primaryimage\"},\"thumbnailUrl\":\"https:\/\/elbohiorevista.com\/wp-content\/uploads\/2025\/03\/sismposio0.png\",\"datePublished\":\"2025-03-13T17:24:07+00:00\",\"dateModified\":\"2025-03-13T17:24:10+00:00\",\"breadcrumb\":{\"@id\":\"https:\/\/elbohiorevista.com\/index.php\/2025\/03\/13\/ii-simposio-de-gestion-ambiental-para-el-desarrollo-sostenible-tercer-anuncio\/#breadcrumb\"},\"inLanguage\":\"es\",\"potentialAction\":[{\"@type\":\"ReadAction\",\"target\":[\"https:\/\/elbohiorevista.com\/index.php\/2025\/03\/13\/ii-simposio-de-gestion-ambiental-para-el-desarrollo-sostenible-tercer-anuncio\/\"]}]},{\"@type\":\"ImageObject\",\"inLanguage\":\"es\",\"@id\":\"https:\/\/elbohiorevista.com\/index.php\/2025\/03\/13\/ii-simposio-de-gestion-ambiental-para-el-desarrollo-sostenible-tercer-anuncio\/#primaryimage\",\"url\":\"https:\/\/elbohiorevista.com\/wp-content\/uploads\/2025\/03\/sismposio0.png\",\"contentUrl\":\"https:\/\/elbohiorevista.com\/wp-content\/uploads\/2025\/03\/sismposio0.png\",\"width\":720,\"height\":380},{\"@type\":\"BreadcrumbList\",\"@id\":\"https:\/\/elbohiorevista.com\/index.php\/2025\/03\/13\/ii-simposio-de-gestion-ambiental-para-el-desarrollo-sostenible-tercer-anuncio\/#breadcrumb\",\"itemListElement\":[{\"@type\":\"ListItem\",\"position\":1,\"name\":\"Portada\",\"item\":\"https:\/\/elbohiorevista.com\/\"},{\"@type\":\"ListItem\",\"position\":2,\"name\":\"II Simposio de Gesti\u00f3n Ambiental para el Desarrollo Sostenible TERCER ANUNCIO\"}]},{\"@type\":\"WebSite\",\"@id\":\"https:\/\/elbohiorevista.com\/#website\",\"url\":\"https:\/\/elbohiorevista.com\/\",\"name\":\"Revista Electr\u00f3nica\",\"description\":\"! Por un medio ambiente en equilibrio !\",\"publisher\":{\"@id\":\"https:\/\/elbohiorevista.com\/#organization\"},\"potentialAction\":[{\"@type\":\"SearchAction\",\"target\":{\"@type\":\"EntryPoint\",\"urlTemplate\":\"https:\/\/elbohiorevista.com\/?s={search_term_string}\"},\"query-input\":{\"@type\":\"PropertyValueSpecification\",\"valueRequired\":true,\"valueName\":\"search_term_string\"}}],\"inLanguage\":\"es\"},{\"@type\":\"Organization\",\"@id\":\"https:\/\/elbohiorevista.com\/#organization\",\"name\":\"Revista Electr\u00f3nica\",\"url\":\"https:\/\/elbohiorevista.com\/\",\"logo\":{\"@type\":\"ImageObject\",\"inLanguage\":\"es\",\"@id\":\"https:\/\/elbohiorevista.com\/#\/schema\/logo\/image\/\",\"url\":\"https:\/\/elbohiorevista.com\/wp-content\/uploads\/2025\/01\/cropped-cropped-logo-revista.png\",\"contentUrl\":\"https:\/\/elbohiorevista.com\/wp-content\/uploads\/2025\/01\/cropped-cropped-logo-revista.png\",\"width\":250,\"height\":72,\"caption\":\"Revista Electr\u00f3nica\"},\"image\":{\"@id\":\"https:\/\/elbohiorevista.com\/#\/schema\/logo\/image\/\"}},{\"@type\":\"Person\",\"@id\":\"https:\/\/elbohiorevista.com\/#\/schema\/person\/cabf07cffb46b9de6ac304b4596458b5\",\"name\":\"yamila\",\"image\":{\"@type\":\"ImageObject\",\"inLanguage\":\"es\",\"@id\":\"https:\/\/elbohiorevista.com\/#\/schema\/person\/image\/\",\"url\":\"https:\/\/secure.gravatar.com\/avatar\/fb8bbf47c2f0ad9fa4585e4873f4ba383c5a75f3299ccacda685c23d943e7dc6?s=96&d=mm&r=g\",\"contentUrl\":\"https:\/\/secure.gravatar.com\/avatar\/fb8bbf47c2f0ad9fa4585e4873f4ba383c5a75f3299ccacda685c23d943e7dc6?s=96&d=mm&r=g\",\"caption\":\"yamila\"},\"url\":\"https:\/\/elbohiorevista.com\/index.php\/author\/yamila50\/\"}]}<\/script>\n<!-- \/ Yoast SEO plugin. -->","yoast_head_json":{"title":"II Simposio de Gesti\u00f3n Ambiental para el Desarrollo Sostenible TERCER ANUNCIO - Revista Electr\u00f3nica","robots":{"index":"index","follow":"follow","max-snippet":"max-snippet:-1","max-image-preview":"max-image-preview:large","max-video-preview":"max-video-preview:-1"},"canonical":"https:\/\/elbohiorevista.com\/index.php\/2025\/03\/13\/ii-simposio-de-gestion-ambiental-para-el-desarrollo-sostenible-tercer-anuncio\/","og_locale":"es_ES","og_type":"article","og_title":"II Simposio de Gesti\u00f3n Ambiental para el Desarrollo Sostenible TERCER ANUNCIO - Revista Electr\u00f3nica","og_description":"Publicado el&nbsp;febrero 7, 2025&nbsp;por&nbsp;Gustavo Arencibia Carballo&nbsp;|&nbsp;2 comentarios En el contexto de la&nbsp;Convenci\u00f3n Cient\u00edfica Internacional Universidad de La Habana 2025, que se realizar\u00e1 entre el 26\u201330 de mayo de 2025.&nbsp;El Instituto Superior de Tecnolog\u00edas y Ciencias Aplicadas (InSTEC) de la Universidad de La Habana, Cuba, convoca a todos los interesados a participar en el&nbsp;II Simposio de...","og_url":"https:\/\/elbohiorevista.com\/index.php\/2025\/03\/13\/ii-simposio-de-gestion-ambiental-para-el-desarrollo-sostenible-tercer-anuncio\/","og_site_name":"Revista Electr\u00f3nica","article_published_time":"2025-03-13T17:24:07+00:00","article_modified_time":"2025-03-13T17:24:10+00:00","og_image":[{"width":720,"height":380,"url":"https:\/\/elbohiorevista.com\/wp-content\/uploads\/2025\/03\/sismposio0.png","type":"image\/png"}],"author":"yamila","twitter_card":"summary_large_image","twitter_misc":{"Escrito por":"yamila","Tiempo de lectura":"3 minutos"},"schema":{"@context":"https:\/\/schema.org","@graph":[{"@type":"Article","@id":"https:\/\/elbohiorevista.com\/index.php\/2025\/03\/13\/ii-simposio-de-gestion-ambiental-para-el-desarrollo-sostenible-tercer-anuncio\/#article","isPartOf":{"@id":"https:\/\/elbohiorevista.com\/index.php\/2025\/03\/13\/ii-simposio-de-gestion-ambiental-para-el-desarrollo-sostenible-tercer-anuncio\/"},"author":{"name":"yamila","@id":"https:\/\/elbohiorevista.com\/#\/schema\/person\/cabf07cffb46b9de6ac304b4596458b5"},"headline":"II Simposio de Gesti\u00f3n Ambiental para el Desarrollo Sostenible TERCER ANUNCIO","datePublished":"2025-03-13T17:24:07+00:00","dateModified":"2025-03-13T17:24:10+00:00","mainEntityOfPage":{"@id":"https:\/\/elbohiorevista.com\/index.php\/2025\/03\/13\/ii-simposio-de-gestion-ambiental-para-el-desarrollo-sostenible-tercer-anuncio\/"},"wordCount":640,"commentCount":0,"publisher":{"@id":"https:\/\/elbohiorevista.com\/#organization"},"image":{"@id":"https:\/\/elbohiorevista.com\/index.php\/2025\/03\/13\/ii-simposio-de-gestion-ambiental-para-el-desarrollo-sostenible-tercer-anuncio\/#primaryimage"},"thumbnailUrl":"https:\/\/elbohiorevista.com\/wp-content\/uploads\/2025\/03\/sismposio0.png","keywords":["Seguridad Ambiental"],"articleSection":["Educaci\u00f3n Ambiental","Eventos","Medio Ambiente"],"inLanguage":"es","potentialAction":[{"@type":"CommentAction","name":"Comment","target":["https:\/\/elbohiorevista.com\/index.php\/2025\/03\/13\/ii-simposio-de-gestion-ambiental-para-el-desarrollo-sostenible-tercer-anuncio\/#respond"]}]},{"@type":"WebPage","@id":"https:\/\/elbohiorevista.com\/index.php\/2025\/03\/13\/ii-simposio-de-gestion-ambiental-para-el-desarrollo-sostenible-tercer-anuncio\/","url":"https:\/\/elbohiorevista.com\/index.php\/2025\/03\/13\/ii-simposio-de-gestion-ambiental-para-el-desarrollo-sostenible-tercer-anuncio\/","name":"II Simposio de Gesti\u00f3n Ambiental para el Desarrollo Sostenible TERCER ANUNCIO - Revista Electr\u00f3nica","isPartOf":{"@id":"https:\/\/elbohiorevista.com\/#website"},"primaryImageOfPage":{"@id":"https:\/\/elbohiorevista.com\/index.php\/2025\/03\/13\/ii-simposio-de-gestion-ambiental-para-el-desarrollo-sostenible-tercer-anuncio\/#primaryimage"},"image":{"@id":"https:\/\/elbohiorevista.com\/index.php\/2025\/03\/13\/ii-simposio-de-gestion-ambiental-para-el-desarrollo-sostenible-tercer-anuncio\/#primaryimage"},"thumbnailUrl":"https:\/\/elbohiorevista.com\/wp-content\/uploads\/2025\/03\/sismposio0.png","datePublished":"2025-03-13T17:24:07+00:00","dateModified":"2025-03-13T17:24:10+00:00","breadcrumb":{"@id":"https:\/\/elbohiorevista.com\/index.php\/2025\/03\/13\/ii-simposio-de-gestion-ambiental-para-el-desarrollo-sostenible-tercer-anuncio\/#breadcrumb"},"inLanguage":"es","potentialAction":[{"@type":"ReadAction","target":["https:\/\/elbohiorevista.com\/index.php\/2025\/03\/13\/ii-simposio-de-gestion-ambiental-para-el-desarrollo-sostenible-tercer-anuncio\/"]}]},{"@type":"ImageObject","inLanguage":"es","@id":"https:\/\/elbohiorevista.com\/index.php\/2025\/03\/13\/ii-simposio-de-gestion-ambiental-para-el-desarrollo-sostenible-tercer-anuncio\/#primaryimage","url":"https:\/\/elbohiorevista.com\/wp-content\/uploads\/2025\/03\/sismposio0.png","contentUrl":"https:\/\/elbohiorevista.com\/wp-content\/uploads\/2025\/03\/sismposio0.png","width":720,"height":380},{"@type":"BreadcrumbList","@id":"https:\/\/elbohiorevista.com\/index.php\/2025\/03\/13\/ii-simposio-de-gestion-ambiental-para-el-desarrollo-sostenible-tercer-anuncio\/#breadcrumb","itemListElement":[{"@type":"ListItem","position":1,"name":"Portada","item":"https:\/\/elbohiorevista.com\/"},{"@type":"ListItem","position":2,"name":"II Simposio de Gesti\u00f3n Ambiental para el Desarrollo Sostenible TERCER ANUNCIO"}]},{"@type":"WebSite","@id":"https:\/\/elbohiorevista.com\/#website","url":"https:\/\/elbohiorevista.com\/","name":"Revista Electr\u00f3nica","description":"! Por un medio ambiente en equilibrio !","publisher":{"@id":"https:\/\/elbohiorevista.com\/#organization"},"potentialAction":[{"@type":"SearchAction","target":{"@type":"EntryPoint","urlTemplate":"https:\/\/elbohiorevista.com\/?s={search_term_string}"},"query-input":{"@type":"PropertyValueSpecification","valueRequired":true,"valueName":"search_term_string"}}],"inLanguage":"es"},{"@type":"Organization","@id":"https:\/\/elbohiorevista.com\/#organization","name":"Revista Electr\u00f3nica","url":"https:\/\/elbohiorevista.com\/","logo":{"@type":"ImageObject","inLanguage":"es","@id":"https:\/\/elbohiorevista.com\/#\/schema\/logo\/image\/","url":"https:\/\/elbohiorevista.com\/wp-content\/uploads\/2025\/01\/cropped-cropped-logo-revista.png","contentUrl":"https:\/\/elbohiorevista.com\/wp-content\/uploads\/2025\/01\/cropped-cropped-logo-revista.png","width":250,"height":72,"caption":"Revista Electr\u00f3nica"},"image":{"@id":"https:\/\/elbohiorevista.com\/#\/schema\/logo\/image\/"}},{"@type":"Person","@id":"https:\/\/elbohiorevista.com\/#\/schema\/person\/cabf07cffb46b9de6ac304b4596458b5","name":"yamila","image":{"@type":"ImageObject","inLanguage":"es","@id":"https:\/\/elbohiorevista.com\/#\/schema\/person\/image\/","url":"https:\/\/secure.gravatar.com\/avatar\/fb8bbf47c2f0ad9fa4585e4873f4ba383c5a75f3299ccacda685c23d943e7dc6?s=96&d=mm&r=g","contentUrl":"https:\/\/secure.gravatar.com\/avatar\/fb8bbf47c2f0ad9fa4585e4873f4ba383c5a75f3299ccacda685c23d943e7dc6?s=96&d=mm&r=g","caption":"yamila"},"url":"https:\/\/elbohiorevista.com\/index.php\/author\/yamila50\/"}]}},"_links":{"self":[{"href":"https:\/\/elbohiorevista.com\/index.php\/wp-json\/wp\/v2\/posts\/1287","targetHints":{"allow":["GET"]}}],"collection":[{"href":"https:\/\/elbohiorevista.com\/index.php\/wp-json\/wp\/v2\/posts"}],"about":[{"href":"https:\/\/elbohiorevista.com\/index.php\/wp-json\/wp\/v2\/types\/post"}],"author":[{"embeddable":true,"href":"https:\/\/elbohiorevista.com\/index.php\/wp-json\/wp\/v2\/users\/2"}],"replies":[{"embeddable":true,"href":"https:\/\/elbohiorevista.com\/index.php\/wp-json\/wp\/v2\/comments?post=1287"}],"version-history":[{"count":1,"href":"https:\/\/elbohiorevista.com\/index.php\/wp-json\/wp\/v2\/posts\/1287\/revisions"}],"predecessor-version":[{"id":1289,"href":"https:\/\/elbohiorevista.com\/index.php\/wp-json\/wp\/v2\/posts\/1287\/revisions\/1289"}],"wp:featuredmedia":[{"embeddable":true,"href":"https:\/\/elbohiorevista.com\/index.php\/wp-json\/wp\/v2\/media\/1288"}],"wp:attachment":[{"href":"https:\/\/elbohiorevista.com\/index.php\/wp-json\/wp\/v2\/media?parent=1287"}],"wp:term":[{"taxonomy":"category","embeddable":true,"href":"https:\/\/elbohiorevista.com\/index.php\/wp-json\/wp\/v2\/categories?post=1287"},{"taxonomy":"post_tag","embeddable":true,"href":"https:\/\/elbohiorevista.com\/index.php\/wp-json\/wp\/v2\/tags?post=1287"}],"curies":[{"name":"wp","href":"https:\/\/api.w.org\/{rel}","templated":true}]}}