{"id":1339,"date":"2025-03-14T17:00:29","date_gmt":"2025-03-14T16:00:29","guid":{"rendered":"https:\/\/elbohiorevista.com\/?p=1339"},"modified":"2025-08-24T04:50:08","modified_gmt":"2025-08-24T02:50:08","slug":"identifican-desafios-relacionados-con-la-conectividad-universal","status":"publish","type":"post","link":"https:\/\/elbohiorevista.com\/index.php\/2025\/03\/14\/identifican-desafios-relacionados-con-la-conectividad-universal\/","title":{"rendered":"Identifican desaf\u00edos relacionados con la conectividad universal"},"content":{"rendered":"<div class=\"pvc_clear\"><\/div><p id=\"pvc_stats_1339\" class=\"pvc_stats all  \" data-element-id=\"1339\" style=\"\"><i class=\"pvc-stats-icon large\" aria-hidden=\"true\"><svg xmlns=\"http:\/\/www.w3.org\/2000\/svg\" version=\"1.0\" viewBox=\"0 0 502 315\" preserveAspectRatio=\"xMidYMid meet\"><g transform=\"translate(0,332) scale(0.1,-0.1)\" fill=\"\" stroke=\"none\"><path d=\"M2394 3279 l-29 -30 -3 -207 c-2 -182 0 -211 15 -242 39 -76 157 -76 196 0 15 31 17 60 15 243 l-3 209 -33 29 c-26 23 -41 29 -80 29 -41 0 -53 -5 -78 -31z\"\/><path d=\"M3085 3251 c-45 -19 -58 -50 -96 -229 -47 -217 -49 -260 -13 -295 52 -53 146 -42 177 20 16 31 87 366 87 410 0 70 -86 122 -155 94z\"\/><path d=\"M1751 3234 c-13 -9 -29 -31 -37 -50 -12 -29 -10 -49 21 -204 19 -94 39 -189 45 -210 14 -50 54 -80 110 -80 34 0 48 6 76 34 21 21 34 44 34 59 0 14 -18 113 -40 219 -37 178 -43 195 -70 221 -36 32 -101 37 -139 11z\"\/><path d=\"M1163 3073 c-36 -7 -73 -59 -73 -102 0 -56 133 -378 171 -413 34 -32 83 -37 129 -13 70 36 67 87 -16 290 -86 209 -89 214 -129 231 -35 14 -42 15 -82 7z\"\/><path d=\"M3689 3066 c-15 -9 -33 -30 -42 -48 -48 -103 -147 -355 -147 -375 0 -98 131 -148 192 -74 13 15 57 108 97 206 80 196 84 226 37 273 -30 30 -99 39 -137 18z\"\/><path d=\"M583 2784 c-38 -19 -67 -74 -58 -113 9 -42 211 -354 242 -373 16 -10 45 -18 66 -18 51 0 107 52 107 100 0 39 -1 41 -124 234 -80 126 -108 162 -133 173 -41 17 -61 16 -100 -3z\"\/><path d=\"M4250 2784 c-14 -9 -74 -91 -133 -183 -95 -150 -107 -173 -107 -213 0 -55 33 -94 87 -104 67 -13 90 8 211 198 130 202 137 225 78 284 -27 27 -42 34 -72 34 -22 0 -50 -8 -64 -16z\"\/><path d=\"M2275 2693 c-553 -48 -1095 -270 -1585 -649 -135 -104 -459 -423 -483 -476 -23 -49 -22 -139 2 -186 73 -142 361 -457 571 -626 285 -228 642 -407 990 -497 242 -63 336 -73 660 -74 310 0 370 5 595 52 535 111 1045 392 1455 803 122 121 250 273 275 326 19 41 19 137 0 174 -41 79 -309 363 -465 492 -447 370 -946 591 -1479 653 -113 14 -422 18 -536 8z m395 -428 c171 -34 330 -124 456 -258 112 -119 167 -219 211 -378 27 -96 24 -300 -5 -401 -72 -255 -236 -447 -474 -557 -132 -62 -201 -76 -368 -76 -167 0 -236 14 -368 76 -213 98 -373 271 -451 485 -162 444 86 934 547 1084 153 49 292 57 452 25z m909 -232 c222 -123 408 -262 593 -441 76 -74 138 -139 138 -144 0 -16 -233 -242 -330 -319 -155 -123 -309 -223 -461 -299 l-81 -41 32 46 c18 26 49 83 70 128 143 306 141 649 -6 957 -25 52 -61 116 -79 142 l-34 47 45 -20 c26 -10 76 -36 113 -56z m-2057 25 c-40 -58 -105 -190 -130 -263 -110 -324 -59 -707 132 -981 25 -35 42 -64 37 -64 -19 0 -241 119 -326 174 -188 122 -406 314 -532 468 l-58 71 108 103 c185 178 428 349 672 473 66 33 121 60 123 61 2 0 -10 -19 -26 -42z\"\/><path d=\"M2375 1950 c-198 -44 -350 -190 -395 -379 -18 -76 -8 -221 19 -290 114 -284 457 -406 731 -260 98 52 188 154 231 260 27 69 37 214 19 290 -38 163 -166 304 -326 360 -67 23 -215 33 -279 19z\"\/><\/g><\/svg><\/i> <img loading=\"lazy\" decoding=\"async\" width=\"16\" height=\"16\" alt=\"Loading\" src=\"https:\/\/elbohiorevista.com\/wp-content\/plugins\/page-views-count\/ajax-loader-2x.gif\" border=0 \/><\/p><div class=\"pvc_clear\"><\/div>\n<p><strong>B\u00e1rbara Vasallo | Foto: Gabriela Camila Castellanos Mora<\/strong><\/p>\n\n\n\n<p>Varadero, Matanzas, 13 mar (ACN) Ernesto Rodr\u00edguez Hern\u00e1ndez, viceministro primero del Ministerio de Comunicaciones de Cuba (Mincom), refiri\u00f3 desaf\u00edos sobre la conectividad universal que identificaron en la Cumbre Mundial de la Juventud de la Uni\u00f3n Internacional de Telecomunicaciones (UIT), que finaliza hoy.<\/p>\n\n\n\n<p>&nbsp; &nbsp; En presencia de Miguel D\u00edaz- Canel Berm\u00fadez, Primer Secretario del Comit\u00e9 Central de Partido Comunista de Cuba y Presidente de la Rep\u00fablica, y en el Centro de Convenciones del hotel Meli\u00e1 Internacional Varadero, el vicetitular coment\u00f3 sobre la necesidad de seguir desarrollando e invirtiendo en infraestructura resiliente, en particular en los pa\u00edses menos adelantados, los pa\u00edses en desarrollo sin litoral y los peque\u00f1os Estados insulares en desarrollo.<\/p>\n\n\n\n<p>&nbsp; &nbsp;Alert\u00f3 sobre la \u200b\u200bnecesidad de fortalecer las competencias digitales de todos los j\u00f3venes para que puedan navegar y guiarse con seguridad en el panorama tecnol\u00f3gico en r\u00e1pida evoluci\u00f3n, y la importancia de reducir la brecha digital entre las zonas urbanas, remotas y rurales.<\/p>\n\n\n\n<p>&nbsp; &nbsp;Rodr\u00edguez Hern\u00e1ndez agradeci\u00f3 la participaci\u00f3n de m\u00e1s de 300 delegados de 31 pa\u00edses, quienes desde el martes \u00faltimo tuvieron activa participaci\u00f3n en la Cumbre e intercambiaron experiencias de sus liderazgos en las m\u00e1s diversas culturas y lugares del planeta.<\/p>\n\n\n\n<p>&nbsp; &nbsp;Identificaron como un desaf\u00edo el garantizar que los residuos electr\u00f3nicos se gestionen de forma integral y gestionable y que se incremente la participaci\u00f3n de los j\u00f3venes en las futuras pol\u00edticas p\u00fablicas digitales.<\/p>\n\n\n\n<p>&nbsp; &nbsp;El foro se desarroll\u00f3 auspiciado por el Mincom y adem\u00e1s de los j\u00f3venes de todas las regiones del mundo, estuvieron presentes representantes de Estados miembros del sector de las telecomunicaciones, la academia y otras agencias de la Organizaci\u00f3n de Naciones Unidas.<\/p>\n\n\n\n<p>&nbsp; &nbsp;Ernesto, en su intervenci\u00f3n en la jornada de clausura, resumi\u00f3 que la Cumbre se celebr\u00f3 bajo la lema \u201cAmplificando las voces de la juventud en las TIC para un futuro inclusivo y conectado\u201d y resalt\u00f3 los debates tem\u00e1ticos, di\u00e1logos intergeneracionales y oportunidades para establecer contactos.<\/p>\n\n\n\n<p>&nbsp; &nbsp;Entre las principales oportunidades de esta cita global el viceministro primero cubano del Mincom convoc\u00f3 a formular e implementar marcos regulatorios para una mayor conectividad y garantizar la confianza en las TIC.<\/p>\n\n\n\n<p>&nbsp; &nbsp;Apoyar las alianzas p\u00fablico-privadas y los enfoques multisectoriales para colaborar en la expansi\u00f3n de soluciones de conectividad asequibles y proyectos de infraestructura, especialmente en zonas marginadas, as\u00ed como tambi\u00e9n fomentar el uso de la tecnolog\u00eda para la educaci\u00f3n digital y las oportunidades de empleo.<\/p>\n\n\n\n<p>&nbsp; &nbsp;A promover el emprendimiento y la innovaci\u00f3n en el mundo digital como impulsor del empleo de los j\u00f3venes, utilizar la tecnolog\u00eda para proteger el medioambiente y a la digitalizaci\u00f3n ecol\u00f3gica como parte de la agenda para el futuro llam\u00f3 Rodr\u00edguez Hern\u00e1ndez.<\/p>\n\n\n\n<p>&nbsp; En la \u00faltima jornada del evento participaron tambi\u00e9n Yudith Rodr\u00edguez Hern\u00e1ndez, miembro del Secretariado del Comit\u00e9 Central del PCC y jefa del Departamento de Atenci\u00f3n a los Servicios; Mayra Arevich Mar\u00edn, titular del Mincom; y Cosmas Luckyson Zavazaba, director de la Oficina de Desarrollo de las Telecomunicaciones de la UIT.<\/p>\n\n\n\n<p>Fuente: https:\/\/www.acn.cu\/medio-ambiente\/identifican-desafios-relacionados-con-la-conectividad-universal<\/p>\n\n\n\n<p><em>Leer tambi\u00e9n:<\/em><\/p>\n\n\n\n<p><a href=\"https:\/\/www.acn.cu\/medio-ambiente\/asiste-diaz-canel-a-cumbre-mundial-de-la-uit\">Asiste D\u00edaz-Canel a Cumbre Mundial de la UIT<\/a><\/p>\n\n\n\n<p><a href=\"https:\/\/www.acn.cu\/medio-ambiente\/finalizara-hoy-cumbre-mundial-de-la-juventud-de-la-uit\">Finalizar\u00e1 hoy Cumbre Mundial de la Juventud de la UIT<\/a><\/p>\n","protected":false},"excerpt":{"rendered":"<div class=\"pvc_clear\"><\/div>\n<p id=\"pvc_stats_1339\" class=\"pvc_stats all  \" data-element-id=\"1339\" style=\"\"><i class=\"pvc-stats-icon large\" aria-hidden=\"true\"><svg xmlns=\"http:\/\/www.w3.org\/2000\/svg\" version=\"1.0\" viewBox=\"0 0 502 315\" preserveAspectRatio=\"xMidYMid meet\"><g transform=\"translate(0,332) scale(0.1,-0.1)\" fill=\"\" stroke=\"none\"><path d=\"M2394 3279 l-29 -30 -3 -207 c-2 -182 0 -211 15 -242 39 -76 157 -76 196 0 15 31 17 60 15 243 l-3 209 -33 29 c-26 23 -41 29 -80 29 -41 0 -53 -5 -78 -31z\"\/><path d=\"M3085 3251 c-45 -19 -58 -50 -96 -229 -47 -217 -49 -260 -13 -295 52 -53 146 -42 177 20 16 31 87 366 87 410 0 70 -86 122 -155 94z\"\/><path d=\"M1751 3234 c-13 -9 -29 -31 -37 -50 -12 -29 -10 -49 21 -204 19 -94 39 -189 45 -210 14 -50 54 -80 110 -80 34 0 48 6 76 34 21 21 34 44 34 59 0 14 -18 113 -40 219 -37 178 -43 195 -70 221 -36 32 -101 37 -139 11z\"\/><path d=\"M1163 3073 c-36 -7 -73 -59 -73 -102 0 -56 133 -378 171 -413 34 -32 83 -37 129 -13 70 36 67 87 -16 290 -86 209 -89 214 -129 231 -35 14 -42 15 -82 7z\"\/><path d=\"M3689 3066 c-15 -9 -33 -30 -42 -48 -48 -103 -147 -355 -147 -375 0 -98 131 -148 192 -74 13 15 57 108 97 206 80 196 84 226 37 273 -30 30 -99 39 -137 18z\"\/><path d=\"M583 2784 c-38 -19 -67 -74 -58 -113 9 -42 211 -354 242 -373 16 -10 45 -18 66 -18 51 0 107 52 107 100 0 39 -1 41 -124 234 -80 126 -108 162 -133 173 -41 17 -61 16 -100 -3z\"\/><path d=\"M4250 2784 c-14 -9 -74 -91 -133 -183 -95 -150 -107 -173 -107 -213 0 -55 33 -94 87 -104 67 -13 90 8 211 198 130 202 137 225 78 284 -27 27 -42 34 -72 34 -22 0 -50 -8 -64 -16z\"\/><path d=\"M2275 2693 c-553 -48 -1095 -270 -1585 -649 -135 -104 -459 -423 -483 -476 -23 -49 -22 -139 2 -186 73 -142 361 -457 571 -626 285 -228 642 -407 990 -497 242 -63 336 -73 660 -74 310 0 370 5 595 52 535 111 1045 392 1455 803 122 121 250 273 275 326 19 41 19 137 0 174 -41 79 -309 363 -465 492 -447 370 -946 591 -1479 653 -113 14 -422 18 -536 8z m395 -428 c171 -34 330 -124 456 -258 112 -119 167 -219 211 -378 27 -96 24 -300 -5 -401 -72 -255 -236 -447 -474 -557 -132 -62 -201 -76 -368 -76 -167 0 -236 14 -368 76 -213 98 -373 271 -451 485 -162 444 86 934 547 1084 153 49 292 57 452 25z m909 -232 c222 -123 408 -262 593 -441 76 -74 138 -139 138 -144 0 -16 -233 -242 -330 -319 -155 -123 -309 -223 -461 -299 l-81 -41 32 46 c18 26 49 83 70 128 143 306 141 649 -6 957 -25 52 -61 116 -79 142 l-34 47 45 -20 c26 -10 76 -36 113 -56z m-2057 25 c-40 -58 -105 -190 -130 -263 -110 -324 -59 -707 132 -981 25 -35 42 -64 37 -64 -19 0 -241 119 -326 174 -188 122 -406 314 -532 468 l-58 71 108 103 c185 178 428 349 672 473 66 33 121 60 123 61 2 0 -10 -19 -26 -42z\"\/><path d=\"M2375 1950 c-198 -44 -350 -190 -395 -379 -18 -76 -8 -221 19 -290 114 -284 457 -406 731 -260 98 52 188 154 231 260 27 69 37 214 19 290 -38 163 -166 304 -326 360 -67 23 -215 33 -279 19z\"\/><\/g><\/svg><\/i> <img loading=\"lazy\" decoding=\"async\" width=\"16\" height=\"16\" alt=\"Loading\" src=\"https:\/\/elbohiorevista.com\/wp-content\/plugins\/page-views-count\/ajax-loader-2x.gif\" border=0 \/><\/p>\n<div class=\"pvc_clear\"><\/div>\n<p>B\u00e1rbara Vasallo | Foto: Gabriela Camila Castellanos Mora Varadero, Matanzas, 13 mar (ACN) Ernesto Rodr\u00edguez Hern\u00e1ndez, viceministro primero del Ministerio de Comunicaciones de Cuba (Mincom), refiri\u00f3 desaf\u00edos sobre la conectividad universal que identificaron en la Cumbre Mundial de la Juventud de la Uni\u00f3n Internacional de Telecomunicaciones (UIT), que finaliza hoy. &nbsp; &nbsp; En presencia de&#8230;<\/p>\n","protected":false},"author":3,"featured_media":1341,"comment_status":"open","ping_status":"open","sticky":false,"template":"","format":"standard","meta":{"footnotes":""},"categories":[10],"tags":[19],"class_list":["post-1339","post","type-post","status-publish","format-standard","has-post-thumbnail","hentry","category-eventos","tag-cambio-climatico"],"yoast_head":"<!-- This site is optimized with the Yoast SEO plugin v24.4 - https:\/\/yoast.com\/wordpress\/plugins\/seo\/ -->\n<title>Identifican desaf\u00edos relacionados con la conectividad universal - Revista Electr\u00f3nica<\/title>\n<meta name=\"robots\" content=\"index, follow, max-snippet:-1, max-image-preview:large, max-video-preview:-1\" \/>\n<link rel=\"canonical\" href=\"https:\/\/elbohiorevista.com\/index.php\/2025\/03\/14\/identifican-desafios-relacionados-con-la-conectividad-universal\/\" \/>\n<meta property=\"og:locale\" content=\"es_ES\" \/>\n<meta property=\"og:type\" content=\"article\" \/>\n<meta property=\"og:title\" content=\"Identifican desaf\u00edos relacionados con la conectividad universal - Revista Electr\u00f3nica\" \/>\n<meta property=\"og:description\" content=\"B\u00e1rbara Vasallo | Foto: Gabriela Camila Castellanos Mora Varadero, Matanzas, 13 mar (ACN) Ernesto Rodr\u00edguez Hern\u00e1ndez, viceministro primero del Ministerio de Comunicaciones de Cuba (Mincom), refiri\u00f3 desaf\u00edos sobre la conectividad universal que identificaron en la Cumbre Mundial de la Juventud de la Uni\u00f3n Internacional de Telecomunicaciones (UIT), que finaliza hoy. &nbsp; &nbsp; En presencia de...\" \/>\n<meta property=\"og:url\" content=\"https:\/\/elbohiorevista.com\/index.php\/2025\/03\/14\/identifican-desafios-relacionados-con-la-conectividad-universal\/\" \/>\n<meta property=\"og:site_name\" content=\"Revista Electr\u00f3nica\" \/>\n<meta property=\"article:published_time\" content=\"2025-03-14T16:00:29+00:00\" \/>\n<meta property=\"article:modified_time\" content=\"2025-08-24T02:50:08+00:00\" \/>\n<meta property=\"og:image\" content=\"https:\/\/elbohiorevista.com\/wp-content\/uploads\/2025\/03\/0313-cumbre-clausura-uit.jpg\" \/>\n\t<meta property=\"og:image:width\" content=\"800\" \/>\n\t<meta property=\"og:image:height\" content=\"518\" \/>\n\t<meta property=\"og:image:type\" content=\"image\/jpeg\" \/>\n<meta name=\"author\" content=\"Gustavo\" \/>\n<meta name=\"twitter:card\" content=\"summary_large_image\" \/>\n<meta name=\"twitter:label1\" content=\"Escrito por\" \/>\n\t<meta name=\"twitter:data1\" content=\"Gustavo\" \/>\n\t<meta name=\"twitter:label2\" content=\"Tiempo de lectura\" \/>\n\t<meta name=\"twitter:data2\" content=\"3 minutos\" \/>\n<script type=\"application\/ld+json\" class=\"yoast-schema-graph\">{\"@context\":\"https:\/\/schema.org\",\"@graph\":[{\"@type\":\"Article\",\"@id\":\"https:\/\/elbohiorevista.com\/index.php\/2025\/03\/14\/identifican-desafios-relacionados-con-la-conectividad-universal\/#article\",\"isPartOf\":{\"@id\":\"https:\/\/elbohiorevista.com\/index.php\/2025\/03\/14\/identifican-desafios-relacionados-con-la-conectividad-universal\/\"},\"author\":{\"name\":\"Gustavo\",\"@id\":\"https:\/\/elbohiorevista.com\/#\/schema\/person\/0e8cf5fa11f825488d369dcce056a2a6\"},\"headline\":\"Identifican desaf\u00edos relacionados con la conectividad universal\",\"datePublished\":\"2025-03-14T16:00:29+00:00\",\"dateModified\":\"2025-08-24T02:50:08+00:00\",\"mainEntityOfPage\":{\"@id\":\"https:\/\/elbohiorevista.com\/index.php\/2025\/03\/14\/identifican-desafios-relacionados-con-la-conectividad-universal\/\"},\"wordCount\":587,\"commentCount\":0,\"publisher\":{\"@id\":\"https:\/\/elbohiorevista.com\/#organization\"},\"image\":{\"@id\":\"https:\/\/elbohiorevista.com\/index.php\/2025\/03\/14\/identifican-desafios-relacionados-con-la-conectividad-universal\/#primaryimage\"},\"thumbnailUrl\":\"https:\/\/elbohiorevista.com\/wp-content\/uploads\/2025\/03\/0313-cumbre-clausura-uit.jpg\",\"keywords\":[\"Cambio Clim\u00e1tico\"],\"articleSection\":[\"Eventos\"],\"inLanguage\":\"es\",\"potentialAction\":[{\"@type\":\"CommentAction\",\"name\":\"Comment\",\"target\":[\"https:\/\/elbohiorevista.com\/index.php\/2025\/03\/14\/identifican-desafios-relacionados-con-la-conectividad-universal\/#respond\"]}]},{\"@type\":\"WebPage\",\"@id\":\"https:\/\/elbohiorevista.com\/index.php\/2025\/03\/14\/identifican-desafios-relacionados-con-la-conectividad-universal\/\",\"url\":\"https:\/\/elbohiorevista.com\/index.php\/2025\/03\/14\/identifican-desafios-relacionados-con-la-conectividad-universal\/\",\"name\":\"Identifican desaf\u00edos relacionados con la conectividad universal - Revista Electr\u00f3nica\",\"isPartOf\":{\"@id\":\"https:\/\/elbohiorevista.com\/#website\"},\"primaryImageOfPage\":{\"@id\":\"https:\/\/elbohiorevista.com\/index.php\/2025\/03\/14\/identifican-desafios-relacionados-con-la-conectividad-universal\/#primaryimage\"},\"image\":{\"@id\":\"https:\/\/elbohiorevista.com\/index.php\/2025\/03\/14\/identifican-desafios-relacionados-con-la-conectividad-universal\/#primaryimage\"},\"thumbnailUrl\":\"https:\/\/elbohiorevista.com\/wp-content\/uploads\/2025\/03\/0313-cumbre-clausura-uit.jpg\",\"datePublished\":\"2025-03-14T16:00:29+00:00\",\"dateModified\":\"2025-08-24T02:50:08+00:00\",\"breadcrumb\":{\"@id\":\"https:\/\/elbohiorevista.com\/index.php\/2025\/03\/14\/identifican-desafios-relacionados-con-la-conectividad-universal\/#breadcrumb\"},\"inLanguage\":\"es\",\"potentialAction\":[{\"@type\":\"ReadAction\",\"target\":[\"https:\/\/elbohiorevista.com\/index.php\/2025\/03\/14\/identifican-desafios-relacionados-con-la-conectividad-universal\/\"]}]},{\"@type\":\"ImageObject\",\"inLanguage\":\"es\",\"@id\":\"https:\/\/elbohiorevista.com\/index.php\/2025\/03\/14\/identifican-desafios-relacionados-con-la-conectividad-universal\/#primaryimage\",\"url\":\"https:\/\/elbohiorevista.com\/wp-content\/uploads\/2025\/03\/0313-cumbre-clausura-uit.jpg\",\"contentUrl\":\"https:\/\/elbohiorevista.com\/wp-content\/uploads\/2025\/03\/0313-cumbre-clausura-uit.jpg\",\"width\":800,\"height\":518},{\"@type\":\"BreadcrumbList\",\"@id\":\"https:\/\/elbohiorevista.com\/index.php\/2025\/03\/14\/identifican-desafios-relacionados-con-la-conectividad-universal\/#breadcrumb\",\"itemListElement\":[{\"@type\":\"ListItem\",\"position\":1,\"name\":\"Portada\",\"item\":\"https:\/\/elbohiorevista.com\/\"},{\"@type\":\"ListItem\",\"position\":2,\"name\":\"Identifican desaf\u00edos relacionados con la conectividad universal\"}]},{\"@type\":\"WebSite\",\"@id\":\"https:\/\/elbohiorevista.com\/#website\",\"url\":\"https:\/\/elbohiorevista.com\/\",\"name\":\"Revista Electr\u00f3nica\",\"description\":\"! Por un medio ambiente en equilibrio !\",\"publisher\":{\"@id\":\"https:\/\/elbohiorevista.com\/#organization\"},\"potentialAction\":[{\"@type\":\"SearchAction\",\"target\":{\"@type\":\"EntryPoint\",\"urlTemplate\":\"https:\/\/elbohiorevista.com\/?s={search_term_string}\"},\"query-input\":{\"@type\":\"PropertyValueSpecification\",\"valueRequired\":true,\"valueName\":\"search_term_string\"}}],\"inLanguage\":\"es\"},{\"@type\":\"Organization\",\"@id\":\"https:\/\/elbohiorevista.com\/#organization\",\"name\":\"Revista Electr\u00f3nica\",\"url\":\"https:\/\/elbohiorevista.com\/\",\"logo\":{\"@type\":\"ImageObject\",\"inLanguage\":\"es\",\"@id\":\"https:\/\/elbohiorevista.com\/#\/schema\/logo\/image\/\",\"url\":\"https:\/\/elbohiorevista.com\/wp-content\/uploads\/2025\/01\/cropped-cropped-logo-revista.png\",\"contentUrl\":\"https:\/\/elbohiorevista.com\/wp-content\/uploads\/2025\/01\/cropped-cropped-logo-revista.png\",\"width\":250,\"height\":72,\"caption\":\"Revista Electr\u00f3nica\"},\"image\":{\"@id\":\"https:\/\/elbohiorevista.com\/#\/schema\/logo\/image\/\"}},{\"@type\":\"Person\",\"@id\":\"https:\/\/elbohiorevista.com\/#\/schema\/person\/0e8cf5fa11f825488d369dcce056a2a6\",\"name\":\"Gustavo\",\"image\":{\"@type\":\"ImageObject\",\"inLanguage\":\"es\",\"@id\":\"https:\/\/elbohiorevista.com\/#\/schema\/person\/image\/\",\"url\":\"https:\/\/secure.gravatar.com\/avatar\/06c17b8f7748d78ad0fcb3705bd671b35984711fc2d8ad2a15995c5b3b88ed95?s=96&d=mm&r=g\",\"contentUrl\":\"https:\/\/secure.gravatar.com\/avatar\/06c17b8f7748d78ad0fcb3705bd671b35984711fc2d8ad2a15995c5b3b88ed95?s=96&d=mm&r=g\",\"caption\":\"Gustavo\"},\"sameAs\":[\"http:\/\/elbohiorevista.com\"],\"url\":\"https:\/\/elbohiorevista.com\/index.php\/author\/garen\/\"}]}<\/script>\n<!-- \/ Yoast SEO plugin. -->","yoast_head_json":{"title":"Identifican desaf\u00edos relacionados con la conectividad universal - Revista Electr\u00f3nica","robots":{"index":"index","follow":"follow","max-snippet":"max-snippet:-1","max-image-preview":"max-image-preview:large","max-video-preview":"max-video-preview:-1"},"canonical":"https:\/\/elbohiorevista.com\/index.php\/2025\/03\/14\/identifican-desafios-relacionados-con-la-conectividad-universal\/","og_locale":"es_ES","og_type":"article","og_title":"Identifican desaf\u00edos relacionados con la conectividad universal - Revista Electr\u00f3nica","og_description":"B\u00e1rbara Vasallo | Foto: Gabriela Camila Castellanos Mora Varadero, Matanzas, 13 mar (ACN) Ernesto Rodr\u00edguez Hern\u00e1ndez, viceministro primero del Ministerio de Comunicaciones de Cuba (Mincom), refiri\u00f3 desaf\u00edos sobre la conectividad universal que identificaron en la Cumbre Mundial de la Juventud de la Uni\u00f3n Internacional de Telecomunicaciones (UIT), que finaliza hoy. &nbsp; &nbsp; En presencia de...","og_url":"https:\/\/elbohiorevista.com\/index.php\/2025\/03\/14\/identifican-desafios-relacionados-con-la-conectividad-universal\/","og_site_name":"Revista Electr\u00f3nica","article_published_time":"2025-03-14T16:00:29+00:00","article_modified_time":"2025-08-24T02:50:08+00:00","og_image":[{"width":800,"height":518,"url":"https:\/\/elbohiorevista.com\/wp-content\/uploads\/2025\/03\/0313-cumbre-clausura-uit.jpg","type":"image\/jpeg"}],"author":"Gustavo","twitter_card":"summary_large_image","twitter_misc":{"Escrito por":"Gustavo","Tiempo de lectura":"3 minutos"},"schema":{"@context":"https:\/\/schema.org","@graph":[{"@type":"Article","@id":"https:\/\/elbohiorevista.com\/index.php\/2025\/03\/14\/identifican-desafios-relacionados-con-la-conectividad-universal\/#article","isPartOf":{"@id":"https:\/\/elbohiorevista.com\/index.php\/2025\/03\/14\/identifican-desafios-relacionados-con-la-conectividad-universal\/"},"author":{"name":"Gustavo","@id":"https:\/\/elbohiorevista.com\/#\/schema\/person\/0e8cf5fa11f825488d369dcce056a2a6"},"headline":"Identifican desaf\u00edos relacionados con la conectividad universal","datePublished":"2025-03-14T16:00:29+00:00","dateModified":"2025-08-24T02:50:08+00:00","mainEntityOfPage":{"@id":"https:\/\/elbohiorevista.com\/index.php\/2025\/03\/14\/identifican-desafios-relacionados-con-la-conectividad-universal\/"},"wordCount":587,"commentCount":0,"publisher":{"@id":"https:\/\/elbohiorevista.com\/#organization"},"image":{"@id":"https:\/\/elbohiorevista.com\/index.php\/2025\/03\/14\/identifican-desafios-relacionados-con-la-conectividad-universal\/#primaryimage"},"thumbnailUrl":"https:\/\/elbohiorevista.com\/wp-content\/uploads\/2025\/03\/0313-cumbre-clausura-uit.jpg","keywords":["Cambio Clim\u00e1tico"],"articleSection":["Eventos"],"inLanguage":"es","potentialAction":[{"@type":"CommentAction","name":"Comment","target":["https:\/\/elbohiorevista.com\/index.php\/2025\/03\/14\/identifican-desafios-relacionados-con-la-conectividad-universal\/#respond"]}]},{"@type":"WebPage","@id":"https:\/\/elbohiorevista.com\/index.php\/2025\/03\/14\/identifican-desafios-relacionados-con-la-conectividad-universal\/","url":"https:\/\/elbohiorevista.com\/index.php\/2025\/03\/14\/identifican-desafios-relacionados-con-la-conectividad-universal\/","name":"Identifican desaf\u00edos relacionados con la conectividad universal - Revista Electr\u00f3nica","isPartOf":{"@id":"https:\/\/elbohiorevista.com\/#website"},"primaryImageOfPage":{"@id":"https:\/\/elbohiorevista.com\/index.php\/2025\/03\/14\/identifican-desafios-relacionados-con-la-conectividad-universal\/#primaryimage"},"image":{"@id":"https:\/\/elbohiorevista.com\/index.php\/2025\/03\/14\/identifican-desafios-relacionados-con-la-conectividad-universal\/#primaryimage"},"thumbnailUrl":"https:\/\/elbohiorevista.com\/wp-content\/uploads\/2025\/03\/0313-cumbre-clausura-uit.jpg","datePublished":"2025-03-14T16:00:29+00:00","dateModified":"2025-08-24T02:50:08+00:00","breadcrumb":{"@id":"https:\/\/elbohiorevista.com\/index.php\/2025\/03\/14\/identifican-desafios-relacionados-con-la-conectividad-universal\/#breadcrumb"},"inLanguage":"es","potentialAction":[{"@type":"ReadAction","target":["https:\/\/elbohiorevista.com\/index.php\/2025\/03\/14\/identifican-desafios-relacionados-con-la-conectividad-universal\/"]}]},{"@type":"ImageObject","inLanguage":"es","@id":"https:\/\/elbohiorevista.com\/index.php\/2025\/03\/14\/identifican-desafios-relacionados-con-la-conectividad-universal\/#primaryimage","url":"https:\/\/elbohiorevista.com\/wp-content\/uploads\/2025\/03\/0313-cumbre-clausura-uit.jpg","contentUrl":"https:\/\/elbohiorevista.com\/wp-content\/uploads\/2025\/03\/0313-cumbre-clausura-uit.jpg","width":800,"height":518},{"@type":"BreadcrumbList","@id":"https:\/\/elbohiorevista.com\/index.php\/2025\/03\/14\/identifican-desafios-relacionados-con-la-conectividad-universal\/#breadcrumb","itemListElement":[{"@type":"ListItem","position":1,"name":"Portada","item":"https:\/\/elbohiorevista.com\/"},{"@type":"ListItem","position":2,"name":"Identifican desaf\u00edos relacionados con la conectividad universal"}]},{"@type":"WebSite","@id":"https:\/\/elbohiorevista.com\/#website","url":"https:\/\/elbohiorevista.com\/","name":"Revista Electr\u00f3nica","description":"! Por un medio ambiente en equilibrio !","publisher":{"@id":"https:\/\/elbohiorevista.com\/#organization"},"potentialAction":[{"@type":"SearchAction","target":{"@type":"EntryPoint","urlTemplate":"https:\/\/elbohiorevista.com\/?s={search_term_string}"},"query-input":{"@type":"PropertyValueSpecification","valueRequired":true,"valueName":"search_term_string"}}],"inLanguage":"es"},{"@type":"Organization","@id":"https:\/\/elbohiorevista.com\/#organization","name":"Revista Electr\u00f3nica","url":"https:\/\/elbohiorevista.com\/","logo":{"@type":"ImageObject","inLanguage":"es","@id":"https:\/\/elbohiorevista.com\/#\/schema\/logo\/image\/","url":"https:\/\/elbohiorevista.com\/wp-content\/uploads\/2025\/01\/cropped-cropped-logo-revista.png","contentUrl":"https:\/\/elbohiorevista.com\/wp-content\/uploads\/2025\/01\/cropped-cropped-logo-revista.png","width":250,"height":72,"caption":"Revista Electr\u00f3nica"},"image":{"@id":"https:\/\/elbohiorevista.com\/#\/schema\/logo\/image\/"}},{"@type":"Person","@id":"https:\/\/elbohiorevista.com\/#\/schema\/person\/0e8cf5fa11f825488d369dcce056a2a6","name":"Gustavo","image":{"@type":"ImageObject","inLanguage":"es","@id":"https:\/\/elbohiorevista.com\/#\/schema\/person\/image\/","url":"https:\/\/secure.gravatar.com\/avatar\/06c17b8f7748d78ad0fcb3705bd671b35984711fc2d8ad2a15995c5b3b88ed95?s=96&d=mm&r=g","contentUrl":"https:\/\/secure.gravatar.com\/avatar\/06c17b8f7748d78ad0fcb3705bd671b35984711fc2d8ad2a15995c5b3b88ed95?s=96&d=mm&r=g","caption":"Gustavo"},"sameAs":["http:\/\/elbohiorevista.com"],"url":"https:\/\/elbohiorevista.com\/index.php\/author\/garen\/"}]}},"_links":{"self":[{"href":"https:\/\/elbohiorevista.com\/index.php\/wp-json\/wp\/v2\/posts\/1339","targetHints":{"allow":["GET"]}}],"collection":[{"href":"https:\/\/elbohiorevista.com\/index.php\/wp-json\/wp\/v2\/posts"}],"about":[{"href":"https:\/\/elbohiorevista.com\/index.php\/wp-json\/wp\/v2\/types\/post"}],"author":[{"embeddable":true,"href":"https:\/\/elbohiorevista.com\/index.php\/wp-json\/wp\/v2\/users\/3"}],"replies":[{"embeddable":true,"href":"https:\/\/elbohiorevista.com\/index.php\/wp-json\/wp\/v2\/comments?post=1339"}],"version-history":[{"count":2,"href":"https:\/\/elbohiorevista.com\/index.php\/wp-json\/wp\/v2\/posts\/1339\/revisions"}],"predecessor-version":[{"id":2633,"href":"https:\/\/elbohiorevista.com\/index.php\/wp-json\/wp\/v2\/posts\/1339\/revisions\/2633"}],"wp:featuredmedia":[{"embeddable":true,"href":"https:\/\/elbohiorevista.com\/index.php\/wp-json\/wp\/v2\/media\/1341"}],"wp:attachment":[{"href":"https:\/\/elbohiorevista.com\/index.php\/wp-json\/wp\/v2\/media?parent=1339"}],"wp:term":[{"taxonomy":"category","embeddable":true,"href":"https:\/\/elbohiorevista.com\/index.php\/wp-json\/wp\/v2\/categories?post=1339"},{"taxonomy":"post_tag","embeddable":true,"href":"https:\/\/elbohiorevista.com\/index.php\/wp-json\/wp\/v2\/tags?post=1339"}],"curies":[{"name":"wp","href":"https:\/\/api.w.org\/{rel}","templated":true}]}}