{"id":3544,"date":"2026-03-14T15:45:25","date_gmt":"2026-03-14T14:45:25","guid":{"rendered":"https:\/\/elbohiorevista.com\/?p=3544"},"modified":"2026-03-14T15:45:28","modified_gmt":"2026-03-14T14:45:28","slug":"a-15-anos-del-gran-terremoto-m-9-1-y-tsunami-de-tohoku-oki-japon-del-11-de-marzo-de-2011","status":"publish","type":"post","link":"https:\/\/elbohiorevista.com\/index.php\/2026\/03\/14\/a-15-anos-del-gran-terremoto-m-9-1-y-tsunami-de-tohoku-oki-japon-del-11-de-marzo-de-2011\/","title":{"rendered":"A 15 a\u00f1os del gran terremoto (M 9.1) y tsunami de Tohoku-Oki, Jap\u00f3n del 11 de marzo de 2011."},"content":{"rendered":"<div class=\"pvc_clear\"><\/div><p id=\"pvc_stats_3544\" class=\"pvc_stats all  \" data-element-id=\"3544\" style=\"\"><i class=\"pvc-stats-icon large\" aria-hidden=\"true\"><svg xmlns=\"http:\/\/www.w3.org\/2000\/svg\" version=\"1.0\" viewBox=\"0 0 502 315\" preserveAspectRatio=\"xMidYMid meet\"><g transform=\"translate(0,332) scale(0.1,-0.1)\" fill=\"\" stroke=\"none\"><path d=\"M2394 3279 l-29 -30 -3 -207 c-2 -182 0 -211 15 -242 39 -76 157 -76 196 0 15 31 17 60 15 243 l-3 209 -33 29 c-26 23 -41 29 -80 29 -41 0 -53 -5 -78 -31z\"\/><path d=\"M3085 3251 c-45 -19 -58 -50 -96 -229 -47 -217 -49 -260 -13 -295 52 -53 146 -42 177 20 16 31 87 366 87 410 0 70 -86 122 -155 94z\"\/><path d=\"M1751 3234 c-13 -9 -29 -31 -37 -50 -12 -29 -10 -49 21 -204 19 -94 39 -189 45 -210 14 -50 54 -80 110 -80 34 0 48 6 76 34 21 21 34 44 34 59 0 14 -18 113 -40 219 -37 178 -43 195 -70 221 -36 32 -101 37 -139 11z\"\/><path d=\"M1163 3073 c-36 -7 -73 -59 -73 -102 0 -56 133 -378 171 -413 34 -32 83 -37 129 -13 70 36 67 87 -16 290 -86 209 -89 214 -129 231 -35 14 -42 15 -82 7z\"\/><path d=\"M3689 3066 c-15 -9 -33 -30 -42 -48 -48 -103 -147 -355 -147 -375 0 -98 131 -148 192 -74 13 15 57 108 97 206 80 196 84 226 37 273 -30 30 -99 39 -137 18z\"\/><path d=\"M583 2784 c-38 -19 -67 -74 -58 -113 9 -42 211 -354 242 -373 16 -10 45 -18 66 -18 51 0 107 52 107 100 0 39 -1 41 -124 234 -80 126 -108 162 -133 173 -41 17 -61 16 -100 -3z\"\/><path d=\"M4250 2784 c-14 -9 -74 -91 -133 -183 -95 -150 -107 -173 -107 -213 0 -55 33 -94 87 -104 67 -13 90 8 211 198 130 202 137 225 78 284 -27 27 -42 34 -72 34 -22 0 -50 -8 -64 -16z\"\/><path d=\"M2275 2693 c-553 -48 -1095 -270 -1585 -649 -135 -104 -459 -423 -483 -476 -23 -49 -22 -139 2 -186 73 -142 361 -457 571 -626 285 -228 642 -407 990 -497 242 -63 336 -73 660 -74 310 0 370 5 595 52 535 111 1045 392 1455 803 122 121 250 273 275 326 19 41 19 137 0 174 -41 79 -309 363 -465 492 -447 370 -946 591 -1479 653 -113 14 -422 18 -536 8z m395 -428 c171 -34 330 -124 456 -258 112 -119 167 -219 211 -378 27 -96 24 -300 -5 -401 -72 -255 -236 -447 -474 -557 -132 -62 -201 -76 -368 -76 -167 0 -236 14 -368 76 -213 98 -373 271 -451 485 -162 444 86 934 547 1084 153 49 292 57 452 25z m909 -232 c222 -123 408 -262 593 -441 76 -74 138 -139 138 -144 0 -16 -233 -242 -330 -319 -155 -123 -309 -223 -461 -299 l-81 -41 32 46 c18 26 49 83 70 128 143 306 141 649 -6 957 -25 52 -61 116 -79 142 l-34 47 45 -20 c26 -10 76 -36 113 -56z m-2057 25 c-40 -58 -105 -190 -130 -263 -110 -324 -59 -707 132 -981 25 -35 42 -64 37 -64 -19 0 -241 119 -326 174 -188 122 -406 314 -532 468 l-58 71 108 103 c185 178 428 349 672 473 66 33 121 60 123 61 2 0 -10 -19 -26 -42z\"\/><path d=\"M2375 1950 c-198 -44 -350 -190 -395 -379 -18 -76 -8 -221 19 -290 114 -284 457 -406 731 -260 98 52 188 154 231 260 27 69 37 214 19 290 -38 163 -166 304 -326 360 -67 23 -215 33 -279 19z\"\/><\/g><\/svg><\/i> <img loading=\"lazy\" decoding=\"async\" width=\"16\" height=\"16\" alt=\"Loading\" src=\"https:\/\/elbohiorevista.com\/wp-content\/plugins\/page-views-count\/ajax-loader-2x.gif\" border=0 \/><\/p><div class=\"pvc_clear\"><\/div>\n<p><strong>Recordando sus efectos en M\u00e9xico.<\/strong><\/p>\n\n\n\n<p><strong><em><strong><em>Por Mtra. Martha C. Mar\u00edn Contreras<\/em><\/strong><\/em><\/strong><strong><em><strong><em><\/em><\/strong><\/em><\/strong><\/p>\n\n\n\n<p><strong><em><strong><em>Geocaps Consultor\u00eda Capacitaci\u00f3n y Cursos<\/em><\/strong><\/em><\/strong><strong><em><strong><em><\/em><\/strong><\/em><\/strong><\/p>\n\n\n\n<p><a href=\"https:\/\/orcid.org\/0009-0005-3624-1871\">https:\/\/orcid.org\/0009-0005-3624-1871<\/a><\/p>\n\n\n\n<p><strong><em><strong><em>Correo electr\u00f3nico: <\/em><\/strong><\/em><\/strong><a href=\"mailto:martha.63marin@gmail.com\"><strong><em><u><strong><em>martha.63marin@gmail.com<\/em><\/strong><\/u><\/em><\/strong><\/a><strong><em><strong><em><\/em><\/strong><\/em><\/strong><\/p>\n\n\n\n<h3 class=\"wp-block-heading\"><strong>1.-Antecedentes<\/strong><strong><\/strong><\/h3>\n\n\n\n<div class=\"wp-block-stackable-text stk-block-text stk-block stk-468d3c9\" data-block-id=\"468d3c9\"><p class=\"stk-block-text__text has-text-align-justify\">El terremoto de Tohoku-Oki, Jap\u00f3n, de magnitud 9.1, ocurri\u00f3 el viernes 11 de marzo de 2011, a las 14:46 hora local y con duraci\u00f3n de 6 minutos aproximadamente. Su epicentro se ubic\u00f3 en el mar frente a la costa noreste de Honshu, 130 km al este de Sendai, en la prefectura de Miyagi y tuvo lugar en la zona de contacto entre las placas del Pacifico y Norteamericana. (Fig. 1). &nbsp;La ruptura del sismo se extendi\u00f3 550 kil\u00f3metros de largo y 150 de ancho, con un deslizamiento m\u00e1ximo de m\u00e1s de 50 metros, 10 kil\u00f3metros bajo el lecho marino. Gener\u00f3 un tsunami devastador con olas de m\u00e1s de 40 metros que impactaron gravemente la infraestructura y causaron miles de muertes en la regi\u00f3n.<\/p><\/div>\n\n\n\n<div class=\"wp-block-stackable-text stk-block-text stk-block stk-0607215\" data-block-id=\"0607215\"><p class=\"stk-block-text__text has-text-align-justify\">Este potente sismo junto con el tsunami que le sigui\u00f3, caus\u00f3 la muerte de 23000 personas, la mayor\u00eda como consecuencia de este \u00faltimo y las p\u00e9rdidas causadas por la cat\u00e1strofe se estimaron entre 100 y 500 mil millones de d\u00f3lares de las cuales m\u00e1s del 60% son consecuencia del tsunami y de acuerdo a Cruz Atienza (2015), este evento es considerado el cuarto sismo m\u00e1s grande que haya sido registrado en la historia de la humanidad.<\/p><\/div>\n\n\n<div class=\"wp-block-image\">\n<figure class=\"aligncenter size-full\"><img loading=\"lazy\" decoding=\"async\" width=\"320\" height=\"312\" src=\"https:\/\/elbohiorevista.com\/wp-content\/uploads\/2026\/03\/Picture1.png\" alt=\"\" class=\"wp-image-3549\" srcset=\"https:\/\/elbohiorevista.com\/wp-content\/uploads\/2026\/03\/Picture1.png 320w, https:\/\/elbohiorevista.com\/wp-content\/uploads\/2026\/03\/Picture1-300x293.png 300w\" sizes=\"auto, (max-width: 320px) 100vw, 320px\" \/><\/figure>\n<\/div>\n\n\n<div class=\"wp-block-stackable-text stk-block-text stk-block stk-d1e3832\" data-block-id=\"d1e3832\"><p class=\"stk-block-text__text has-text-align-justify\"><em><strong>Fig. 1. <\/strong>El punto amarillo m\u00e1s grande muestra el epicentro del gran terremoto (M 9.1)\u00a0de Tohoku-Oki, Jap\u00f3n del 11 de marzo de 2011 y sus r\u00e9plicas. Las l\u00edneas rojas muestran las fallas que forman los l\u00edmites de las placas tect\u00f3nicas Norteamericana y del Pacifico, las flechas amarillas muestran su movimiento relativo. (Cr\u00e9dito: Earth Observatory of Singapore, 2011)<\/em><\/p><\/div>\n\n\n\n<div class=\"wp-block-stackable-text stk-block-text stk-block stk-d19d9dc\" data-block-id=\"d19d9dc\"><p class=\"stk-block-text__text has-text-align-justify\">En el caso del gran terremoto de Tohoku-Oki, el tsunami se gener\u00f3 a unos 100 kil\u00f3metros metros de la costa debido a un levantamiento del fondo oce\u00e1nico de hasta 3 metros en el epicentro, generando olas que en promedio midieron 6 metros a lo largo de la costa norte de la pen\u00ednsula de Oshika, alcanzaron hasta cerca de 40 metros de altura en Miyako, dentro de la prefectura de lwate, devastando todo a su paso hasta una distancia de 10 kil\u00f3metros tierra adentro. Las primeras im\u00e1genes que llegaban desde Jap\u00f3n mostraban c\u00f3mo el agua y el lodo, arrasaban con edificios, autos, barcos y cultivos (Fig. 2).<\/p><\/div>\n\n\n<div class=\"wp-block-image\">\n<figure class=\"aligncenter size-full\"><img loading=\"lazy\" decoding=\"async\" width=\"624\" height=\"351\" src=\"https:\/\/elbohiorevista.com\/wp-content\/uploads\/2026\/03\/Picture2.png\" alt=\"\" class=\"wp-image-3548\" srcset=\"https:\/\/elbohiorevista.com\/wp-content\/uploads\/2026\/03\/Picture2.png 624w, https:\/\/elbohiorevista.com\/wp-content\/uploads\/2026\/03\/Picture2-300x169.png 300w\" sizes=\"auto, (max-width: 624px) 100vw, 624px\" \/><\/figure>\n<\/div>\n\n\n<div class=\"wp-block-stackable-text stk-block-text stk-block stk-d6acd54\" data-block-id=\"d6acd54\"><p class=\"stk-block-text__text has-text-align-justify\"><em><strong>Fig. 2. <\/strong>La fuerza con la que se adentra el mar en la tierra se lleva consigo a autos y barcos en la ciudad de Asahikawa, Jap\u00f3n, el 11 de marzo de 2011.<\/em><\/p><\/div>\n\n\n\n<p><em>Fuente:<\/em>&nbsp;<a href=\"https:\/\/www.bbc.com\/mundo\/noticias\/2011\/03\/110311_galeria_japon_terremoto_tsunami_aw\"><em><u><em>https:\/\/www.bbc.com\/mundo\/noticias\/2011\/03\/110311_galeria_japon_terremoto_tsunami_aw<\/em><\/u><\/em><\/a><em><\/em><\/p>\n\n\n\n<div class=\"wp-block-stackable-text stk-block-text stk-block stk-5e15b56\" data-block-id=\"5e15b56\"><p class=\"stk-block-text__text has-text-align-justify\">Una de las consecuencias m\u00e1s dram\u00e1ticas del tsunami fue la destrucci\u00f3n parcial de la central nuclear de Fukushima Daiichi que, sin el suministro necesario de energ\u00eda el\u00e9ctrica para el enfriamiento de los reactores despu\u00e9s del sismo sufri\u00f3 explosiones en al menos tres reactores, provocando una evacuaci\u00f3n masiva en un radio de 10 kil\u00f3metros a la redonda.<\/p><\/div>\n\n\n\n<h3 class=\"wp-block-heading\"><strong>2.- Efectos del tsunami de Jap\u00f3n del 11 de marzo de 2011 en la costa occidental de M\u00e9xico<\/strong>.<\/h3>\n\n\n\n<div class=\"wp-block-stackable-text stk-block-text stk-block stk-0c6f801\" data-block-id=\"0c6f801\"><p class=\"stk-block-text__text has-text-align-justify\">De acuerdo al Centro de Investigaci\u00f3n Cient\u00edfica y de Educaci\u00f3n Superior de Ensenada (CICESE, 2011, Ortiz y Ortiz, 2021), se recibi\u00f3 la informaci\u00f3n preliminar del evento y consider\u00f3 un terremoto de magnitud 9.0 como umbral de m\u00e1xima peligrosidad desde el punto de vista del pron\u00f3stico, por lo cual gener\u00f3 un bolet\u00edn de los efectos del tsunami para la costa occidental de M\u00e9xico, en donde se puntualizaba tanto el tiempo de arribo como la altura esperada del tsunami de origen lejano en varios puertos de la costa del pac\u00edfico mexicano y que se consideraba de peligro moderado. &nbsp;<\/p><\/div>\n\n\n\n<div class=\"wp-block-stackable-text stk-block-text stk-block stk-ce2854f\" data-block-id=\"ce2854f\"><p class=\"stk-block-text__text has-text-align-justify\">En la Fig.3, se observa el pron\u00f3stico de la propagaci\u00f3n del tsunami en las aguas del oc\u00e9ano Pac\u00edfico realizado por CICESE, durante las primeras horas de haberse originado el terremoto y tsunami de Jap\u00f3n.<\/p><\/div>\n\n\n\n<figure class=\"wp-block-image size-full\"><img loading=\"lazy\" decoding=\"async\" width=\"830\" height=\"505\" src=\"https:\/\/elbohiorevista.com\/wp-content\/uploads\/2026\/03\/Picture3.png\" alt=\"\" class=\"wp-image-3547\" srcset=\"https:\/\/elbohiorevista.com\/wp-content\/uploads\/2026\/03\/Picture3.png 830w, https:\/\/elbohiorevista.com\/wp-content\/uploads\/2026\/03\/Picture3-300x183.png 300w, https:\/\/elbohiorevista.com\/wp-content\/uploads\/2026\/03\/Picture3-768x467.png 768w\" sizes=\"auto, (max-width: 830px) 100vw, 830px\" \/><\/figure>\n\n\n\n<div class=\"wp-block-stackable-text stk-block-text stk-block stk-560fb38\" data-block-id=\"560fb38\"><p class=\"stk-block-text__text has-text-align-justify\"><em><strong>Fig. 3. <\/strong>Resultados del modelo de propagaci\u00f3n del tsunami de Jap\u00f3n del 11 de marzo del 2011. Los puntos negros indican los lugares (boyas) en donde se obtuvieron los registros de este tsunami en mar abierto Las mayores alturas del frente de onda del tsunami se indican hacia el color rojo. La propagaci\u00f3n del frente del tsunami se indica con l\u00edneas de fase a intervalos de una hora. A la derecha se indica la altura del tsunami en puertos mexicanos (Cr\u00e9ditos: Ortiz y Ortiz, 2021).<\/em><\/p><\/div>\n\n\n\n<div class=\"wp-block-stackable-text stk-block-text stk-block stk-411838d\" data-block-id=\"411838d\"><p class=\"stk-block-text__text has-text-align-justify\">En general, se estimaba que el tsunami estar\u00eda contenido entre los niveles de pleamar y bajamar, pudiendo sobrepasar en caso extremo hasta con un metro, el nivel de la pleamar en algunas localidades. Cabe mencionar que aun cuando no se esperaban inundaciones por tsunami, s\u00ed se esperaban corrientes fuertes en las playas y de peligro para los ba\u00f1istas por el efecto de los cambios r\u00e1pidos en nivel del mar.<\/p><\/div>\n\n\n\n<div class=\"wp-block-stackable-text stk-block-text stk-block stk-58a46d5\" data-block-id=\"58a46d5\"><p class=\"stk-block-text__text has-text-align-justify\">Con esa informaci\u00f3n y &nbsp;desde las primeras horas del 11 de marzo, &nbsp;se recibi\u00f3 en la Coordinaci\u00f3n General de Protecci\u00f3n Civil, (anteriormente vinculada a la Secretaria de Gobernaci\u00f3n), &nbsp;se iniciaron las acciones con las medidas pertinentes ante tal situaci\u00f3n de emergencia por parte de los dependencias e integrantes del Sistema Nacional de Protecci\u00f3n Civil (SINAPROC) y de com\u00fan acuerdo con el CENAPRED, el SSN y la SEMAR,&nbsp; se procedi\u00f3 a enviar boletines de alerta del tsunami a las Unidades Estatales de Protecci\u00f3n Civil, mismas que en su totalidad actuaron en tiempo y forma al instalar un operativo de seguridad en los puertos y en las playas hasta por un lapso de tiempo de 12 horas despu\u00e9s de las primeras olas del tsunami.<\/p><\/div>\n\n\n\n<div class=\"wp-block-stackable-text stk-block-text stk-block stk-6979817\" data-block-id=\"6979817\"><p class=\"stk-block-text__text has-text-align-justify\">En general se estimaba que el tsunami estar\u00eda contenido entre los niveles de pleamar y bajamar, pudiendo sobrepasar en caso extremo hasta con un metro el nivel de la pleamar en algunas localidades.<\/p><\/div>\n\n\n\n<div class=\"wp-block-stackable-text stk-block-text stk-block stk-5175ebd\" data-block-id=\"5175ebd\"><p class=\"stk-block-text__text has-text-align-justify\">Por otra parte, comparto que en ese a\u00f1o, todav\u00eda como miembro activo de la Secretar\u00eda de Marina (SEMAR), fui parte del equipo de trabajo,&nbsp;mientras se creaba oficialmente el Centro de Alerta de Tsunamis,&nbsp;que le dio seguimiento permanente durante ese 11 de marzo de 2011, a la alerta de tsunami y que tuve la gran experiencia de participar activamente, en el an\u00e1lisis de la informaci\u00f3n que fue emitida por el Centro de Alerta de Tsunamis del Pac\u00edfico (PTWC, por sus siglas en ingl\u00e9s),&nbsp; donde se mantuvo comunicaci\u00f3n con las&nbsp; principales autoridades navales y del SINAPROC, para que recibieran informaci\u00f3n actualizada con las&nbsp;horas estimadas de arribo a su jurisdicci\u00f3n,&nbsp;ya que con el transcurrir de las horas se tendr\u00eda que evaluar las condiciones del nivel del mar para cancelar la <a href=\"http:\/\/xn--emisin-fxa.de\">emisi\u00f3n&nbsp;de<\/a>&nbsp;los boletines de alertamiento.&nbsp;<\/p><\/div>\n\n\n\n<div class=\"wp-block-stackable-text stk-block-text stk-block stk-158944a\" data-block-id=\"158944a\"><p class=\"stk-block-text__text has-text-align-justify\">Por ejemplo, en Ensenada, Baja California, se esperaba la llegada del tsunami con alturas de ola de hasta 2 metros con oscilaciones del nivel del mar con periodo de 1 hora hasta por 12 horas. El nivel de la marea estar\u00eda ligeramente por debajo de la marea media por lo que se estimaba que el tsunami sobrepasar\u00eda con 1 metro el nivel de la marea m\u00e1s alta. Se recomendaba sacar las embarcaciones de los puertos para fondearse en la Bah\u00eda Guerrero Negro y Puerto San Carlos, BCS.&nbsp;<\/p><\/div>\n\n\n\n<div class=\"wp-block-stackable-text stk-block-text stk-block stk-199b226\" data-block-id=\"199b226\"><p class=\"stk-block-text__text has-text-align-justify\">Se estimaba que a las 12:44 (hora del centro) el tsunami arribar\u00eda con alturas de ola de hasta un metro con oscilaciones del nivel del mar con periodos de 1 hora en Puerto Vallarta, Jalisco y de 30 minutos en Manzanillo, Colima, hasta por 12 horas y en L\u00e1zaro C\u00e1rdenas, Michoac\u00e1n donde se esperaban fuertes corrientes.<\/p><\/div>\n\n\n\n<div class=\"wp-block-stackable-text stk-block-text stk-block stk-1a049c8\" data-block-id=\"1a049c8\"><p class=\"stk-block-text__text has-text-align-justify\">En Acapulco, Guerrero, se esperaba el tsunami a las 13:44 (hora del centro) con alturas de ola de hasta un metro con oscilaciones del nivel del mar con per\u00edodo de 30 minutos hasta por 12 horas. Se esperaban fuertes corrientes en el puerto, con las mismas recomendaciones, de sacar las embarcaciones mar adentro.&nbsp;<\/p><\/div>\n\n\n\n<div class=\"wp-block-stackable-text stk-block-text stk-block stk-2cb2dd1\" data-block-id=\"2cb2dd1\"><p class=\"stk-block-text__text has-text-align-justify\">Para los puertos de Salina Cruz, Oaxaca y Puerto Madero, Chiapas, la hora de arribo se consideraba a las 14:44 (hora del centro) con alturas de ola de hasta un metro con oscilaciones del nivel del mar con periodo de 30 minutos hasta por 12 horas.&nbsp;<\/p><\/div>\n\n\n\n<div class=\"wp-block-stackable-text stk-block-text stk-block stk-ef30eb9\" data-block-id=\"ef30eb9\"><p class=\"stk-block-text__text has-text-align-justify\">El tsunami lleg\u00f3 a Ensenada en un lapso de 11 horas 20 minutos con alturas de 70 cm sobre el nivel de la marea. Las oscilaciones del nivel del mar propias del tsunami continuaron a intervalos cortos de tiempo, de aproximadamente 60 minutos, repiti\u00e9ndose por m\u00e1s de 12 horas a partir del arribo del tsunami. (Ortiz y Ortiz, 2021)<\/p><\/div>\n\n\n\n<div class=\"wp-block-stackable-text stk-block-text stk-block stk-a2f5d2a\" data-block-id=\"a2f5d2a\"><p class=\"stk-block-text__text has-text-align-justify\">En la fig. 4, se presenta la serie de registros del nivel del mar con anomal\u00edas causadas por el tsunami de Tohoku, Jap\u00f3n, que produjo las anomal\u00edas del nivel del mar con una amplitud de hasta 3,22 m en la estaci\u00f3n de Zihuatanejo ubicada a 10,909 km de la fuente de origen del tsunami. Es importante se\u00f1alar que la duraci\u00f3n promedio fue de 70 horas, considerando todas las estaciones que registraron este evento (m\u00ednimo y m\u00e1ximo observado) en la costa del pac\u00edfico mexicano (Zavala <em>et al.,<\/em>&nbsp;2020)<\/p><\/div>\n\n\n\n<div class=\"wp-block-group\"><div class=\"wp-block-group__inner-container is-layout-constrained wp-block-group-is-layout-constrained\"><div class=\"wp-block-image\">\n<figure class=\"aligncenter size-full\"><img loading=\"lazy\" decoding=\"async\" width=\"638\" height=\"306\" src=\"https:\/\/elbohiorevista.com\/wp-content\/uploads\/2026\/03\/Picture4.png\" alt=\"\" class=\"wp-image-3546\" srcset=\"https:\/\/elbohiorevista.com\/wp-content\/uploads\/2026\/03\/Picture4.png 638w, https:\/\/elbohiorevista.com\/wp-content\/uploads\/2026\/03\/Picture4-300x144.png 300w\" sizes=\"auto, (max-width: 638px) 100vw, 638px\" \/><\/figure>\n<\/div><\/div><\/div>\n\n\n\n<div class=\"wp-block-stackable-text stk-block-text stk-block stk-1ef31a6\" data-block-id=\"1ef31a6\"><p class=\"stk-block-text__text has-text-align-justify\"><em><strong>Fig. 4.<\/strong>\u00a0 Serie de registros del nivel del mar con anomal\u00edas causadas por el tsunami de Tohoku, Jap\u00f3n (izquierda) Nivel del mar (azul), se\u00f1al filtrada de paso bajo (negro). (derecha) Residuos (verde). CHP (Puerto Chiapas), SCZ (Salina Cruz), HUA (Huatulco), ANG (Puerto \u00c1ngel), ACP (Acapulco), ZHT (Zihuatanejo), LCR (L\u00e1zaro C\u00e1rdenas), VLL (Puerto Vallarta), MZN (Mazatl\u00e1n), PAZ (La Paz). La l\u00ednea roja indica la hora del terremoto. (Zavala et al.,2020)\u00a0<\/em><\/p><\/div>\n\n\n\n<p><\/p>\n\n\n\n<h3 class=\"wp-block-heading\"><strong>3.-Situaci\u00f3n a 15 a\u00f1os (marzo de 2026)<\/strong><strong><\/strong><\/h3>\n\n\n\n<div class=\"wp-block-stackable-text stk-block-text stk-block stk-828d987\" data-block-id=\"828d987\"><p class=\"stk-block-text__text has-text-align-justify\">El 11 de marzo de 2011 qued\u00f3 marcado en la historia moderna por el gran terremoto del este de Jap\u00f3n (magnitud 9.1) y el posterior tsunami, un desastre que, se recuerda tanto por la profunda tragedia humana y nuclear como por el cambio de paradigma global en la gesti\u00f3n de riesgos. El evento demostr\u00f3 que la preparaci\u00f3n no puede ser est\u00e1tica.<\/p><\/div>\n\n\n\n<div class=\"wp-block-stackable-text stk-block-text stk-block stk-1e46ed7\" data-block-id=\"1e46ed7\"><p class=\"stk-block-text__text has-text-align-justify\"><strong>Aprendizaje global:<\/strong>&nbsp;El desastre forz\u00f3 a reconsiderar las defensas costeras, el uso del suelo y la planificaci\u00f3n urbana, adoptando el enfoque de \u00abreconstruir mejor\u00bb (Build Back Better).<\/p><\/div>\n\n\n\n<div class=\"wp-block-stackable-text stk-block-text stk-block stk-01ffc69\" data-block-id=\"01ffc69\"><p class=\"stk-block-text__text has-text-align-justify\"><strong>Tecnolog\u00eda y Alertas:<\/strong>&nbsp;La necesidad de alertas m\u00e1s r\u00e1pidas llev\u00f3 a mejoras en los sistemas de detecci\u00f3n submarinos y en tiempo real, vitales para pa\u00edses con alta sismicidad como M\u00e9xico. En donde tambi\u00e9n en el pasado se han registrado tsunamis de origen local (menos de 100 km de distancia) y que a su vez se han convertido en tsunamis regionales (no m\u00e1s de 100 km de distancia) &nbsp;<\/p><\/div>\n\n\n\n<div class=\"wp-block-stackable-text stk-block-text stk-block stk-8580f39\" data-block-id=\"8580f39\"><p class=\"stk-block-text__text has-text-align-justify\"><strong>Lecciones de resiliencia<\/strong>: La experiencia japonesa resalta que las alertas tempranas deben ir acompa\u00f1adas de una cultura de preparaci\u00f3n comunitaria (conocida en Jap\u00f3n como B\u014dsai Bunka), donde la educaci\u00f3n y los simulacros son fundamentales para la respuesta inmediata.<\/p><\/div>\n\n\n\n<h3 class=\"wp-block-heading\"><strong>4.-Relevancia para M\u00e9xico y comunidades costeras.<\/strong><strong><\/strong><\/h3>\n\n\n\n<div class=\"wp-block-stackable-text stk-block-text stk-block stk-44ba5ec\" data-block-id=\"44ba5ec\"><p class=\"stk-block-text__text has-text-align-justify\">Este evento que fue desgracia de un pa\u00eds, pero beneficio de otros, ya que impuls\u00f3 a los sistemas de monitoreo y alertamiento temprano ante los tsunamis en todo el Pac\u00edfico, M\u00e9xico entre ellos y en lo particular promover\u00e9 hasta donde este mi alcance, que las comunidades costeras est\u00e9n mejor preparadas ante el peligro que representan los tsunamis, reduzcan su vulnerabilidad y sean m\u00e1s resilientes cuando ocurra este fen\u00f3meno natural perturbador de origen geol\u00f3gico, como as\u00ed lo considera la Ley General de Protecci\u00f3n Civil (LGPC, 2012).<\/p><\/div>\n\n\n\n<div class=\"wp-block-stackable-text stk-block-text stk-block stk-3e4390c\" data-block-id=\"3e4390c\"><p class=\"stk-block-text__text has-text-align-justify\">La vulnerabilidad se reduce mediante la combinaci\u00f3n de estructuras de protecci\u00f3n (muros, bosques costeros) y crucialmente, medidas no estructurales como mapas de riesgo precisos, rutas de evacuaci\u00f3n claras y educaci\u00f3n continua.<\/p><\/div>\n\n\n\n<div class=\"wp-block-stackable-text stk-block-text stk-block stk-894e59f\" data-block-id=\"894e59f\"><p class=\"stk-block-text__text has-text-align-justify\">&nbsp;La experiencia demuestra que la preparaci\u00f3n, incluso 15 a\u00f1os despu\u00e9s, debe seguir evolucionando ante el peligro s\u00edsmico, del cual nuestro pa\u00eds, enfrenta un reto permanente por su alta actividad tect\u00f3nica.<\/p><\/div>\n\n\n\n<h3 class=\"wp-block-heading\"><strong>5.-Fuentes consultadas&nbsp;<\/strong><\/h3>\n\n\n\n<div class=\"wp-block-group\"><div class=\"wp-block-group__inner-container is-layout-constrained wp-block-group-is-layout-constrained\">\n<div class=\"wp-block-stackable-text stk-block-text stk-block stk-7b8fad8\" data-block-id=\"7b8fad8\"><style>.stk-7b8fad8 {margin-bottom:0px !important;}<\/style><p class=\"stk-block-text__text has-text-align-justify\">    &#8211; CICESE, 2011.\u00a0Informe del Tsunami del 11 de marzo del 2011 en la costa occidental de M\u00e9xico. In\u00e9dito. 5 pp.<\/p><\/div>\n\n\n\n<div class=\"wp-block-stackable-text stk-block-text stk-block stk-786a75d\" data-block-id=\"786a75d\"><style>.stk-786a75d {margin-bottom:0px !important;}<\/style><p class=\"stk-block-text__text has-text-align-justify\">    &#8211; Cruz Atienza V. M. 2015. Los sismos. Una amenaza cotidiana. La caja de cerillos ediciones. Primera Reimpresi\u00f3n, M\u00e9xico. P\u00e1gs. 24, 39-40.<\/p><\/div>\n\n\n\n<div class=\"wp-block-stackable-text stk-block-text stk-block stk-a1d1cf6\" data-block-id=\"a1d1cf6\"><style>.stk-a1d1cf6 {margin-bottom:0px !important;}<\/style><p class=\"stk-block-text__text has-text-align-justify\">    &#8211; Earth Observatory of Singapore, 2011. The great East Japan (Tohoku) 2011 earthquake: Important lessons from old dirt.\u00a0 Disponible en\u00a0<a href=\"https:\/\/earthobservatory.sg\/news\/great-east-japan-tohoku-2011-earthquake-important-lessons-old-dirt\"><u>https:\/\/earthobservatory.sg\/news\/great-east-japan-tohoku-2011-earthquake-important-lessons-old-dirt<\/u><\/a><\/p><\/div>\n\n\n\n<div class=\"wp-block-stackable-text stk-block-text stk-block stk-a5e3046\" data-block-id=\"a5e3046\"><style>.stk-a5e3046 {margin-bottom:0px !important;}<\/style><p class=\"stk-block-text__text has-text-align-justify\">   &#8211; Ortiz M, Ortiz L. 20221 Tsunamis en la Costa Occidental de M\u00e9xico y en el Mar de Cort\u00e9s. CICESE.113 pp.\u00a0<a href=\"https:\/\/www.cicese.edu.mx\/\"><u>https:\/\/www.cicese.edu.mx\/<\/u><\/a><\/p><\/div>\n\n\n\n<div class=\"wp-block-stackable-text stk-block-text stk-block stk-9478381\" data-block-id=\"9478381\"><p class=\"stk-block-text__text has-text-align-justify\">   &#8211;  Zavala-Hidalgo J., Trujillo-Rojas K., G\u00f3mez-Ramos O., Zarza-Alvarado M., Hern\u00e1ndez-Maguey F., Guti\u00e9rrez-Quijada V. (2020) Tsunamis in the Mexican coasts during the period 2009-2018 and their behavior, Coastal Engineering Journal, 62:3, pp. 429-444\u00a0Published online: 28 April 2020.\u00a0<a href=\"https:\/\/doi.org\/10.1080\/21664250.2020.1744062\"><u>https:\/\/doi.org\/10.1080\/21664250.2020.1744062<\/u><\/a><\/p><\/div>\n<\/div><\/div>\n","protected":false},"excerpt":{"rendered":"<div class=\"pvc_clear\"><\/div>\n<p id=\"pvc_stats_3544\" class=\"pvc_stats all  \" data-element-id=\"3544\" style=\"\"><i class=\"pvc-stats-icon large\" aria-hidden=\"true\"><svg xmlns=\"http:\/\/www.w3.org\/2000\/svg\" version=\"1.0\" viewBox=\"0 0 502 315\" preserveAspectRatio=\"xMidYMid meet\"><g transform=\"translate(0,332) scale(0.1,-0.1)\" fill=\"\" stroke=\"none\"><path d=\"M2394 3279 l-29 -30 -3 -207 c-2 -182 0 -211 15 -242 39 -76 157 -76 196 0 15 31 17 60 15 243 l-3 209 -33 29 c-26 23 -41 29 -80 29 -41 0 -53 -5 -78 -31z\"\/><path d=\"M3085 3251 c-45 -19 -58 -50 -96 -229 -47 -217 -49 -260 -13 -295 52 -53 146 -42 177 20 16 31 87 366 87 410 0 70 -86 122 -155 94z\"\/><path d=\"M1751 3234 c-13 -9 -29 -31 -37 -50 -12 -29 -10 -49 21 -204 19 -94 39 -189 45 -210 14 -50 54 -80 110 -80 34 0 48 6 76 34 21 21 34 44 34 59 0 14 -18 113 -40 219 -37 178 -43 195 -70 221 -36 32 -101 37 -139 11z\"\/><path d=\"M1163 3073 c-36 -7 -73 -59 -73 -102 0 -56 133 -378 171 -413 34 -32 83 -37 129 -13 70 36 67 87 -16 290 -86 209 -89 214 -129 231 -35 14 -42 15 -82 7z\"\/><path d=\"M3689 3066 c-15 -9 -33 -30 -42 -48 -48 -103 -147 -355 -147 -375 0 -98 131 -148 192 -74 13 15 57 108 97 206 80 196 84 226 37 273 -30 30 -99 39 -137 18z\"\/><path d=\"M583 2784 c-38 -19 -67 -74 -58 -113 9 -42 211 -354 242 -373 16 -10 45 -18 66 -18 51 0 107 52 107 100 0 39 -1 41 -124 234 -80 126 -108 162 -133 173 -41 17 -61 16 -100 -3z\"\/><path d=\"M4250 2784 c-14 -9 -74 -91 -133 -183 -95 -150 -107 -173 -107 -213 0 -55 33 -94 87 -104 67 -13 90 8 211 198 130 202 137 225 78 284 -27 27 -42 34 -72 34 -22 0 -50 -8 -64 -16z\"\/><path d=\"M2275 2693 c-553 -48 -1095 -270 -1585 -649 -135 -104 -459 -423 -483 -476 -23 -49 -22 -139 2 -186 73 -142 361 -457 571 -626 285 -228 642 -407 990 -497 242 -63 336 -73 660 -74 310 0 370 5 595 52 535 111 1045 392 1455 803 122 121 250 273 275 326 19 41 19 137 0 174 -41 79 -309 363 -465 492 -447 370 -946 591 -1479 653 -113 14 -422 18 -536 8z m395 -428 c171 -34 330 -124 456 -258 112 -119 167 -219 211 -378 27 -96 24 -300 -5 -401 -72 -255 -236 -447 -474 -557 -132 -62 -201 -76 -368 -76 -167 0 -236 14 -368 76 -213 98 -373 271 -451 485 -162 444 86 934 547 1084 153 49 292 57 452 25z m909 -232 c222 -123 408 -262 593 -441 76 -74 138 -139 138 -144 0 -16 -233 -242 -330 -319 -155 -123 -309 -223 -461 -299 l-81 -41 32 46 c18 26 49 83 70 128 143 306 141 649 -6 957 -25 52 -61 116 -79 142 l-34 47 45 -20 c26 -10 76 -36 113 -56z m-2057 25 c-40 -58 -105 -190 -130 -263 -110 -324 -59 -707 132 -981 25 -35 42 -64 37 -64 -19 0 -241 119 -326 174 -188 122 -406 314 -532 468 l-58 71 108 103 c185 178 428 349 672 473 66 33 121 60 123 61 2 0 -10 -19 -26 -42z\"\/><path d=\"M2375 1950 c-198 -44 -350 -190 -395 -379 -18 -76 -8 -221 19 -290 114 -284 457 -406 731 -260 98 52 188 154 231 260 27 69 37 214 19 290 -38 163 -166 304 -326 360 -67 23 -215 33 -279 19z\"\/><\/g><\/svg><\/i> <img loading=\"lazy\" decoding=\"async\" width=\"16\" height=\"16\" alt=\"Loading\" src=\"https:\/\/elbohiorevista.com\/wp-content\/plugins\/page-views-count\/ajax-loader-2x.gif\" border=0 \/><\/p>\n<div class=\"pvc_clear\"><\/div>\n<p>Recordando sus efectos en M\u00e9xico. Por Mtra. Martha C. Mar\u00edn Contreras Geocaps Consultor\u00eda Capacitaci\u00f3n y Cursos https:\/\/orcid.org\/0009-0005-3624-1871 Correo electr\u00f3nico: martha.63marin@gmail.com 1.-Antecedentes El terremoto de Tohoku-Oki, Jap\u00f3n, de magnitud 9.1, ocurri\u00f3 el viernes 11 de marzo de 2011, a las 14:46 hora local y con duraci\u00f3n de 6 minutos aproximadamente. Su epicentro se ubic\u00f3 en el&#8230;<\/p>\n","protected":false},"author":6,"featured_media":3548,"comment_status":"open","ping_status":"open","sticky":false,"template":"","format":"standard","meta":{"footnotes":""},"categories":[13],"tags":[115,55],"class_list":["post-3544","post","type-post","status-publish","format-standard","has-post-thumbnail","hentry","category-articulos","tag-articulos","tag-medio-ambiente"],"yoast_head":"<!-- This site is optimized with the Yoast SEO plugin v24.4 - https:\/\/yoast.com\/wordpress\/plugins\/seo\/ -->\n<title>A 15 a\u00f1os del gran terremoto (M 9.1) y tsunami de Tohoku-Oki, Jap\u00f3n del 11 de marzo de 2011. - Revista Electr\u00f3nica<\/title>\n<meta name=\"description\" content=\"A 15 a\u00f1os del terremoto y tsunami de Tohoku-Oki (Jap\u00f3n, 2011), recuerdan sus impactos globales y lecciones aprendidas para M\u00e9xico. Un an\u00e1lisis sobre tragedia, resiliencia y preparaci\u00f3n ante riesgos s\u00edsmicos y tsunamis en comunidades costeras.\" \/>\n<meta name=\"robots\" content=\"index, follow, max-snippet:-1, max-image-preview:large, max-video-preview:-1\" \/>\n<link rel=\"canonical\" href=\"https:\/\/elbohiorevista.com\/index.php\/2026\/03\/14\/a-15-anos-del-gran-terremoto-m-9-1-y-tsunami-de-tohoku-oki-japon-del-11-de-marzo-de-2011\/\" \/>\n<meta property=\"og:locale\" content=\"es_ES\" \/>\n<meta property=\"og:type\" content=\"article\" \/>\n<meta property=\"og:title\" content=\"A 15 a\u00f1os del gran terremoto (M 9.1) y tsunami de Tohoku-Oki, Jap\u00f3n del 11 de marzo de 2011. - Revista Electr\u00f3nica\" \/>\n<meta property=\"og:description\" content=\"A 15 a\u00f1os del terremoto y tsunami de Tohoku-Oki (Jap\u00f3n, 2011), recuerdan sus impactos globales y lecciones aprendidas para M\u00e9xico. Un an\u00e1lisis sobre tragedia, resiliencia y preparaci\u00f3n ante riesgos s\u00edsmicos y tsunamis en comunidades costeras.\" \/>\n<meta property=\"og:url\" content=\"https:\/\/elbohiorevista.com\/index.php\/2026\/03\/14\/a-15-anos-del-gran-terremoto-m-9-1-y-tsunami-de-tohoku-oki-japon-del-11-de-marzo-de-2011\/\" \/>\n<meta property=\"og:site_name\" content=\"Revista Electr\u00f3nica\" \/>\n<meta property=\"article:published_time\" content=\"2026-03-14T14:45:25+00:00\" \/>\n<meta property=\"article:modified_time\" content=\"2026-03-14T14:45:28+00:00\" \/>\n<meta property=\"og:image\" content=\"https:\/\/elbohiorevista.com\/wp-content\/uploads\/2026\/03\/Picture2.png\" \/>\n\t<meta property=\"og:image:width\" content=\"624\" \/>\n\t<meta property=\"og:image:height\" content=\"351\" \/>\n\t<meta property=\"og:image:type\" content=\"image\/png\" \/>\n<meta name=\"author\" content=\"Maria Karla Gutierrez\" \/>\n<meta name=\"twitter:card\" content=\"summary_large_image\" \/>\n<meta name=\"twitter:label1\" content=\"Escrito por\" \/>\n\t<meta name=\"twitter:data1\" content=\"Maria Karla Gutierrez\" \/>\n\t<meta name=\"twitter:label2\" content=\"Tiempo de lectura\" \/>\n\t<meta name=\"twitter:data2\" content=\"11 minutos\" \/>\n<script type=\"application\/ld+json\" class=\"yoast-schema-graph\">{\"@context\":\"https:\/\/schema.org\",\"@graph\":[{\"@type\":\"Article\",\"@id\":\"https:\/\/elbohiorevista.com\/index.php\/2026\/03\/14\/a-15-anos-del-gran-terremoto-m-9-1-y-tsunami-de-tohoku-oki-japon-del-11-de-marzo-de-2011\/#article\",\"isPartOf\":{\"@id\":\"https:\/\/elbohiorevista.com\/index.php\/2026\/03\/14\/a-15-anos-del-gran-terremoto-m-9-1-y-tsunami-de-tohoku-oki-japon-del-11-de-marzo-de-2011\/\"},\"author\":{\"name\":\"Maria Karla Gutierrez\",\"@id\":\"https:\/\/elbohiorevista.com\/#\/schema\/person\/34e3df14abc05d607fbe12856756dd3a\"},\"headline\":\"A 15 a\u00f1os del gran terremoto (M 9.1) y tsunami de Tohoku-Oki, Jap\u00f3n del 11 de marzo de 2011.\",\"datePublished\":\"2026-03-14T14:45:25+00:00\",\"dateModified\":\"2026-03-14T14:45:28+00:00\",\"mainEntityOfPage\":{\"@id\":\"https:\/\/elbohiorevista.com\/index.php\/2026\/03\/14\/a-15-anos-del-gran-terremoto-m-9-1-y-tsunami-de-tohoku-oki-japon-del-11-de-marzo-de-2011\/\"},\"wordCount\":2146,\"commentCount\":1,\"publisher\":{\"@id\":\"https:\/\/elbohiorevista.com\/#organization\"},\"image\":{\"@id\":\"https:\/\/elbohiorevista.com\/index.php\/2026\/03\/14\/a-15-anos-del-gran-terremoto-m-9-1-y-tsunami-de-tohoku-oki-japon-del-11-de-marzo-de-2011\/#primaryimage\"},\"thumbnailUrl\":\"https:\/\/elbohiorevista.com\/wp-content\/uploads\/2026\/03\/Picture2.png\",\"keywords\":[\"art\u00edculos\",\"Medio Ambiente\"],\"articleSection\":[\"Art\u00edculos\"],\"inLanguage\":\"es\",\"potentialAction\":[{\"@type\":\"CommentAction\",\"name\":\"Comment\",\"target\":[\"https:\/\/elbohiorevista.com\/index.php\/2026\/03\/14\/a-15-anos-del-gran-terremoto-m-9-1-y-tsunami-de-tohoku-oki-japon-del-11-de-marzo-de-2011\/#respond\"]}]},{\"@type\":\"WebPage\",\"@id\":\"https:\/\/elbohiorevista.com\/index.php\/2026\/03\/14\/a-15-anos-del-gran-terremoto-m-9-1-y-tsunami-de-tohoku-oki-japon-del-11-de-marzo-de-2011\/\",\"url\":\"https:\/\/elbohiorevista.com\/index.php\/2026\/03\/14\/a-15-anos-del-gran-terremoto-m-9-1-y-tsunami-de-tohoku-oki-japon-del-11-de-marzo-de-2011\/\",\"name\":\"A 15 a\u00f1os del gran terremoto (M 9.1) y tsunami de Tohoku-Oki, Jap\u00f3n del 11 de marzo de 2011. - Revista Electr\u00f3nica\",\"isPartOf\":{\"@id\":\"https:\/\/elbohiorevista.com\/#website\"},\"primaryImageOfPage\":{\"@id\":\"https:\/\/elbohiorevista.com\/index.php\/2026\/03\/14\/a-15-anos-del-gran-terremoto-m-9-1-y-tsunami-de-tohoku-oki-japon-del-11-de-marzo-de-2011\/#primaryimage\"},\"image\":{\"@id\":\"https:\/\/elbohiorevista.com\/index.php\/2026\/03\/14\/a-15-anos-del-gran-terremoto-m-9-1-y-tsunami-de-tohoku-oki-japon-del-11-de-marzo-de-2011\/#primaryimage\"},\"thumbnailUrl\":\"https:\/\/elbohiorevista.com\/wp-content\/uploads\/2026\/03\/Picture2.png\",\"datePublished\":\"2026-03-14T14:45:25+00:00\",\"dateModified\":\"2026-03-14T14:45:28+00:00\",\"description\":\"A 15 a\u00f1os del terremoto y tsunami de Tohoku-Oki (Jap\u00f3n, 2011), recuerdan sus impactos globales y lecciones aprendidas para M\u00e9xico. Un an\u00e1lisis sobre tragedia, resiliencia y preparaci\u00f3n ante riesgos s\u00edsmicos y tsunamis en comunidades costeras.\",\"breadcrumb\":{\"@id\":\"https:\/\/elbohiorevista.com\/index.php\/2026\/03\/14\/a-15-anos-del-gran-terremoto-m-9-1-y-tsunami-de-tohoku-oki-japon-del-11-de-marzo-de-2011\/#breadcrumb\"},\"inLanguage\":\"es\",\"potentialAction\":[{\"@type\":\"ReadAction\",\"target\":[\"https:\/\/elbohiorevista.com\/index.php\/2026\/03\/14\/a-15-anos-del-gran-terremoto-m-9-1-y-tsunami-de-tohoku-oki-japon-del-11-de-marzo-de-2011\/\"]}]},{\"@type\":\"ImageObject\",\"inLanguage\":\"es\",\"@id\":\"https:\/\/elbohiorevista.com\/index.php\/2026\/03\/14\/a-15-anos-del-gran-terremoto-m-9-1-y-tsunami-de-tohoku-oki-japon-del-11-de-marzo-de-2011\/#primaryimage\",\"url\":\"https:\/\/elbohiorevista.com\/wp-content\/uploads\/2026\/03\/Picture2.png\",\"contentUrl\":\"https:\/\/elbohiorevista.com\/wp-content\/uploads\/2026\/03\/Picture2.png\",\"width\":624,\"height\":351},{\"@type\":\"BreadcrumbList\",\"@id\":\"https:\/\/elbohiorevista.com\/index.php\/2026\/03\/14\/a-15-anos-del-gran-terremoto-m-9-1-y-tsunami-de-tohoku-oki-japon-del-11-de-marzo-de-2011\/#breadcrumb\",\"itemListElement\":[{\"@type\":\"ListItem\",\"position\":1,\"name\":\"Portada\",\"item\":\"https:\/\/elbohiorevista.com\/\"},{\"@type\":\"ListItem\",\"position\":2,\"name\":\"A 15 a\u00f1os del gran terremoto (M 9.1) y tsunami de Tohoku-Oki, Jap\u00f3n del 11 de marzo de 2011.\"}]},{\"@type\":\"WebSite\",\"@id\":\"https:\/\/elbohiorevista.com\/#website\",\"url\":\"https:\/\/elbohiorevista.com\/\",\"name\":\"Revista Electr\u00f3nica\",\"description\":\"! Por un medio ambiente en equilibrio !\",\"publisher\":{\"@id\":\"https:\/\/elbohiorevista.com\/#organization\"},\"potentialAction\":[{\"@type\":\"SearchAction\",\"target\":{\"@type\":\"EntryPoint\",\"urlTemplate\":\"https:\/\/elbohiorevista.com\/?s={search_term_string}\"},\"query-input\":{\"@type\":\"PropertyValueSpecification\",\"valueRequired\":true,\"valueName\":\"search_term_string\"}}],\"inLanguage\":\"es\"},{\"@type\":\"Organization\",\"@id\":\"https:\/\/elbohiorevista.com\/#organization\",\"name\":\"Revista Electr\u00f3nica\",\"url\":\"https:\/\/elbohiorevista.com\/\",\"logo\":{\"@type\":\"ImageObject\",\"inLanguage\":\"es\",\"@id\":\"https:\/\/elbohiorevista.com\/#\/schema\/logo\/image\/\",\"url\":\"https:\/\/elbohiorevista.com\/wp-content\/uploads\/2025\/01\/cropped-cropped-logo-revista.png\",\"contentUrl\":\"https:\/\/elbohiorevista.com\/wp-content\/uploads\/2025\/01\/cropped-cropped-logo-revista.png\",\"width\":250,\"height\":72,\"caption\":\"Revista Electr\u00f3nica\"},\"image\":{\"@id\":\"https:\/\/elbohiorevista.com\/#\/schema\/logo\/image\/\"}},{\"@type\":\"Person\",\"@id\":\"https:\/\/elbohiorevista.com\/#\/schema\/person\/34e3df14abc05d607fbe12856756dd3a\",\"name\":\"Maria Karla Gutierrez\",\"image\":{\"@type\":\"ImageObject\",\"inLanguage\":\"es\",\"@id\":\"https:\/\/elbohiorevista.com\/#\/schema\/person\/image\/\",\"url\":\"https:\/\/secure.gravatar.com\/avatar\/75e1c98f8bf1b63cc2fb8229cc081bf1485908d96c640f872981871ea0377361?s=96&d=mm&r=g\",\"contentUrl\":\"https:\/\/secure.gravatar.com\/avatar\/75e1c98f8bf1b63cc2fb8229cc081bf1485908d96c640f872981871ea0377361?s=96&d=mm&r=g\",\"caption\":\"Maria Karla Gutierrez\"},\"sameAs\":[\"http:\/\/elbohiorevista.com\"],\"url\":\"https:\/\/elbohiorevista.com\/index.php\/author\/mkarla\/\"}]}<\/script>\n<!-- \/ Yoast SEO plugin. -->","yoast_head_json":{"title":"A 15 a\u00f1os del gran terremoto (M 9.1) y tsunami de Tohoku-Oki, Jap\u00f3n del 11 de marzo de 2011. - Revista Electr\u00f3nica","description":"A 15 a\u00f1os del terremoto y tsunami de Tohoku-Oki (Jap\u00f3n, 2011), recuerdan sus impactos globales y lecciones aprendidas para M\u00e9xico. Un an\u00e1lisis sobre tragedia, resiliencia y preparaci\u00f3n ante riesgos s\u00edsmicos y tsunamis en comunidades costeras.","robots":{"index":"index","follow":"follow","max-snippet":"max-snippet:-1","max-image-preview":"max-image-preview:large","max-video-preview":"max-video-preview:-1"},"canonical":"https:\/\/elbohiorevista.com\/index.php\/2026\/03\/14\/a-15-anos-del-gran-terremoto-m-9-1-y-tsunami-de-tohoku-oki-japon-del-11-de-marzo-de-2011\/","og_locale":"es_ES","og_type":"article","og_title":"A 15 a\u00f1os del gran terremoto (M 9.1) y tsunami de Tohoku-Oki, Jap\u00f3n del 11 de marzo de 2011. - Revista Electr\u00f3nica","og_description":"A 15 a\u00f1os del terremoto y tsunami de Tohoku-Oki (Jap\u00f3n, 2011), recuerdan sus impactos globales y lecciones aprendidas para M\u00e9xico. Un an\u00e1lisis sobre tragedia, resiliencia y preparaci\u00f3n ante riesgos s\u00edsmicos y tsunamis en comunidades costeras.","og_url":"https:\/\/elbohiorevista.com\/index.php\/2026\/03\/14\/a-15-anos-del-gran-terremoto-m-9-1-y-tsunami-de-tohoku-oki-japon-del-11-de-marzo-de-2011\/","og_site_name":"Revista Electr\u00f3nica","article_published_time":"2026-03-14T14:45:25+00:00","article_modified_time":"2026-03-14T14:45:28+00:00","og_image":[{"width":624,"height":351,"url":"https:\/\/elbohiorevista.com\/wp-content\/uploads\/2026\/03\/Picture2.png","type":"image\/png"}],"author":"Maria Karla Gutierrez","twitter_card":"summary_large_image","twitter_misc":{"Escrito por":"Maria Karla Gutierrez","Tiempo de lectura":"11 minutos"},"schema":{"@context":"https:\/\/schema.org","@graph":[{"@type":"Article","@id":"https:\/\/elbohiorevista.com\/index.php\/2026\/03\/14\/a-15-anos-del-gran-terremoto-m-9-1-y-tsunami-de-tohoku-oki-japon-del-11-de-marzo-de-2011\/#article","isPartOf":{"@id":"https:\/\/elbohiorevista.com\/index.php\/2026\/03\/14\/a-15-anos-del-gran-terremoto-m-9-1-y-tsunami-de-tohoku-oki-japon-del-11-de-marzo-de-2011\/"},"author":{"name":"Maria Karla Gutierrez","@id":"https:\/\/elbohiorevista.com\/#\/schema\/person\/34e3df14abc05d607fbe12856756dd3a"},"headline":"A 15 a\u00f1os del gran terremoto (M 9.1) y tsunami de Tohoku-Oki, Jap\u00f3n del 11 de marzo de 2011.","datePublished":"2026-03-14T14:45:25+00:00","dateModified":"2026-03-14T14:45:28+00:00","mainEntityOfPage":{"@id":"https:\/\/elbohiorevista.com\/index.php\/2026\/03\/14\/a-15-anos-del-gran-terremoto-m-9-1-y-tsunami-de-tohoku-oki-japon-del-11-de-marzo-de-2011\/"},"wordCount":2146,"commentCount":1,"publisher":{"@id":"https:\/\/elbohiorevista.com\/#organization"},"image":{"@id":"https:\/\/elbohiorevista.com\/index.php\/2026\/03\/14\/a-15-anos-del-gran-terremoto-m-9-1-y-tsunami-de-tohoku-oki-japon-del-11-de-marzo-de-2011\/#primaryimage"},"thumbnailUrl":"https:\/\/elbohiorevista.com\/wp-content\/uploads\/2026\/03\/Picture2.png","keywords":["art\u00edculos","Medio Ambiente"],"articleSection":["Art\u00edculos"],"inLanguage":"es","potentialAction":[{"@type":"CommentAction","name":"Comment","target":["https:\/\/elbohiorevista.com\/index.php\/2026\/03\/14\/a-15-anos-del-gran-terremoto-m-9-1-y-tsunami-de-tohoku-oki-japon-del-11-de-marzo-de-2011\/#respond"]}]},{"@type":"WebPage","@id":"https:\/\/elbohiorevista.com\/index.php\/2026\/03\/14\/a-15-anos-del-gran-terremoto-m-9-1-y-tsunami-de-tohoku-oki-japon-del-11-de-marzo-de-2011\/","url":"https:\/\/elbohiorevista.com\/index.php\/2026\/03\/14\/a-15-anos-del-gran-terremoto-m-9-1-y-tsunami-de-tohoku-oki-japon-del-11-de-marzo-de-2011\/","name":"A 15 a\u00f1os del gran terremoto (M 9.1) y tsunami de Tohoku-Oki, Jap\u00f3n del 11 de marzo de 2011. - Revista Electr\u00f3nica","isPartOf":{"@id":"https:\/\/elbohiorevista.com\/#website"},"primaryImageOfPage":{"@id":"https:\/\/elbohiorevista.com\/index.php\/2026\/03\/14\/a-15-anos-del-gran-terremoto-m-9-1-y-tsunami-de-tohoku-oki-japon-del-11-de-marzo-de-2011\/#primaryimage"},"image":{"@id":"https:\/\/elbohiorevista.com\/index.php\/2026\/03\/14\/a-15-anos-del-gran-terremoto-m-9-1-y-tsunami-de-tohoku-oki-japon-del-11-de-marzo-de-2011\/#primaryimage"},"thumbnailUrl":"https:\/\/elbohiorevista.com\/wp-content\/uploads\/2026\/03\/Picture2.png","datePublished":"2026-03-14T14:45:25+00:00","dateModified":"2026-03-14T14:45:28+00:00","description":"A 15 a\u00f1os del terremoto y tsunami de Tohoku-Oki (Jap\u00f3n, 2011), recuerdan sus impactos globales y lecciones aprendidas para M\u00e9xico. Un an\u00e1lisis sobre tragedia, resiliencia y preparaci\u00f3n ante riesgos s\u00edsmicos y tsunamis en comunidades costeras.","breadcrumb":{"@id":"https:\/\/elbohiorevista.com\/index.php\/2026\/03\/14\/a-15-anos-del-gran-terremoto-m-9-1-y-tsunami-de-tohoku-oki-japon-del-11-de-marzo-de-2011\/#breadcrumb"},"inLanguage":"es","potentialAction":[{"@type":"ReadAction","target":["https:\/\/elbohiorevista.com\/index.php\/2026\/03\/14\/a-15-anos-del-gran-terremoto-m-9-1-y-tsunami-de-tohoku-oki-japon-del-11-de-marzo-de-2011\/"]}]},{"@type":"ImageObject","inLanguage":"es","@id":"https:\/\/elbohiorevista.com\/index.php\/2026\/03\/14\/a-15-anos-del-gran-terremoto-m-9-1-y-tsunami-de-tohoku-oki-japon-del-11-de-marzo-de-2011\/#primaryimage","url":"https:\/\/elbohiorevista.com\/wp-content\/uploads\/2026\/03\/Picture2.png","contentUrl":"https:\/\/elbohiorevista.com\/wp-content\/uploads\/2026\/03\/Picture2.png","width":624,"height":351},{"@type":"BreadcrumbList","@id":"https:\/\/elbohiorevista.com\/index.php\/2026\/03\/14\/a-15-anos-del-gran-terremoto-m-9-1-y-tsunami-de-tohoku-oki-japon-del-11-de-marzo-de-2011\/#breadcrumb","itemListElement":[{"@type":"ListItem","position":1,"name":"Portada","item":"https:\/\/elbohiorevista.com\/"},{"@type":"ListItem","position":2,"name":"A 15 a\u00f1os del gran terremoto (M 9.1) y tsunami de Tohoku-Oki, Jap\u00f3n del 11 de marzo de 2011."}]},{"@type":"WebSite","@id":"https:\/\/elbohiorevista.com\/#website","url":"https:\/\/elbohiorevista.com\/","name":"Revista Electr\u00f3nica","description":"! Por un medio ambiente en equilibrio !","publisher":{"@id":"https:\/\/elbohiorevista.com\/#organization"},"potentialAction":[{"@type":"SearchAction","target":{"@type":"EntryPoint","urlTemplate":"https:\/\/elbohiorevista.com\/?s={search_term_string}"},"query-input":{"@type":"PropertyValueSpecification","valueRequired":true,"valueName":"search_term_string"}}],"inLanguage":"es"},{"@type":"Organization","@id":"https:\/\/elbohiorevista.com\/#organization","name":"Revista Electr\u00f3nica","url":"https:\/\/elbohiorevista.com\/","logo":{"@type":"ImageObject","inLanguage":"es","@id":"https:\/\/elbohiorevista.com\/#\/schema\/logo\/image\/","url":"https:\/\/elbohiorevista.com\/wp-content\/uploads\/2025\/01\/cropped-cropped-logo-revista.png","contentUrl":"https:\/\/elbohiorevista.com\/wp-content\/uploads\/2025\/01\/cropped-cropped-logo-revista.png","width":250,"height":72,"caption":"Revista Electr\u00f3nica"},"image":{"@id":"https:\/\/elbohiorevista.com\/#\/schema\/logo\/image\/"}},{"@type":"Person","@id":"https:\/\/elbohiorevista.com\/#\/schema\/person\/34e3df14abc05d607fbe12856756dd3a","name":"Maria Karla Gutierrez","image":{"@type":"ImageObject","inLanguage":"es","@id":"https:\/\/elbohiorevista.com\/#\/schema\/person\/image\/","url":"https:\/\/secure.gravatar.com\/avatar\/75e1c98f8bf1b63cc2fb8229cc081bf1485908d96c640f872981871ea0377361?s=96&d=mm&r=g","contentUrl":"https:\/\/secure.gravatar.com\/avatar\/75e1c98f8bf1b63cc2fb8229cc081bf1485908d96c640f872981871ea0377361?s=96&d=mm&r=g","caption":"Maria Karla Gutierrez"},"sameAs":["http:\/\/elbohiorevista.com"],"url":"https:\/\/elbohiorevista.com\/index.php\/author\/mkarla\/"}]}},"_links":{"self":[{"href":"https:\/\/elbohiorevista.com\/index.php\/wp-json\/wp\/v2\/posts\/3544","targetHints":{"allow":["GET"]}}],"collection":[{"href":"https:\/\/elbohiorevista.com\/index.php\/wp-json\/wp\/v2\/posts"}],"about":[{"href":"https:\/\/elbohiorevista.com\/index.php\/wp-json\/wp\/v2\/types\/post"}],"author":[{"embeddable":true,"href":"https:\/\/elbohiorevista.com\/index.php\/wp-json\/wp\/v2\/users\/6"}],"replies":[{"embeddable":true,"href":"https:\/\/elbohiorevista.com\/index.php\/wp-json\/wp\/v2\/comments?post=3544"}],"version-history":[{"count":1,"href":"https:\/\/elbohiorevista.com\/index.php\/wp-json\/wp\/v2\/posts\/3544\/revisions"}],"predecessor-version":[{"id":3550,"href":"https:\/\/elbohiorevista.com\/index.php\/wp-json\/wp\/v2\/posts\/3544\/revisions\/3550"}],"wp:featuredmedia":[{"embeddable":true,"href":"https:\/\/elbohiorevista.com\/index.php\/wp-json\/wp\/v2\/media\/3548"}],"wp:attachment":[{"href":"https:\/\/elbohiorevista.com\/index.php\/wp-json\/wp\/v2\/media?parent=3544"}],"wp:term":[{"taxonomy":"category","embeddable":true,"href":"https:\/\/elbohiorevista.com\/index.php\/wp-json\/wp\/v2\/categories?post=3544"},{"taxonomy":"post_tag","embeddable":true,"href":"https:\/\/elbohiorevista.com\/index.php\/wp-json\/wp\/v2\/tags?post=3544"}],"curies":[{"name":"wp","href":"https:\/\/api.w.org\/{rel}","templated":true}]}}